{"id":22595,"date":"2016-04-07T14:52:33","date_gmt":"2016-04-07T19:52:33","guid":{"rendered":"https:\/\/radiowebmx.com\/nota\/?p=22595"},"modified":"2016-04-07T14:52:33","modified_gmt":"2016-04-07T19:52:33","slug":"manuel-antunez-asume-presidencia-de-comision-nacional-de-financiamiento","status":"publish","type":"post","link":"https:\/\/radiowebmx.com\/nota\/manuel-antunez-asume-presidencia-de-comision-nacional-de-financiamiento\/","title":{"rendered":"Manuel Ant\u00fanez asume presidencia de Comisi\u00f3n Nacional de Financiamiento"},"content":{"rendered":"<p class=\"ecxMsoNormal\"><a href=\"https:\/\/radiowebmx.com\/nota\/wp-content\/uploads\/2016\/04\/Manuel-Antu\u0301nez.jpg\"><img loading=\"lazy\" decoding=\"async\" class=\"alignleft size-full wp-image-22596\" src=\"https:\/\/radiowebmx.com\/nota\/wp-content\/uploads\/2016\/04\/Manuel-Antu\u0301nez.jpg\" alt=\"Manuel Antu\u0301nez\" width=\"591\" height=\"393\" srcset=\"https:\/\/radiowebmx.com\/nota\/wp-content\/uploads\/2016\/04\/Manuel-Antu\u0301nez.jpg 591w, https:\/\/radiowebmx.com\/nota\/wp-content\/uploads\/2016\/04\/Manuel-Antu\u0301nez-300x199.jpg 300w\" sizes=\"auto, (max-width: 591px) 100vw, 591px\" \/><\/a>Manuel Ant\u00fanez Oviedo, ex candidato al gobierno del estado de Michoac\u00e1n en el proceso electoral pasado, fue nombrado Presidente de la Comisi\u00f3n Nacional de Financiamiento de Movimiento Ciudadano.<\/p>\n<p class=\"ecxMsoNormal\">El nombramiento se realiz\u00f3 el lunes pasado en la Ciudad de M\u00e9xico, en el marco de la Asamblea de la Coordinadora Ciudadana Nacional de \u00e9sta organizaci\u00f3n pol\u00edtica.<\/p>\n<p class=\"ecxMsoNormal\">Con \u00e9sta designaci\u00f3n hecha al ex candidato a la gubernatura del estado se busca fortalecer las candidaturas ciudadanas de Movimiento Ciudadano rumbo al proceso electoral que se llevar\u00e1 a cabo en el 2018.<\/p>\n<p class=\"ecxMsoNormal\">En este sentido, Manuel Ant\u00fanez se\u00f1al\u00f3 que la responsabilidad que se le confiri\u00f3 servir\u00e1 para hacer frente a la evidente inequidad del financiamiento p\u00fablico que reciben los partidos pol\u00edticos y fortalecer los proyectos ciudadanos que se impulsar\u00e1n en todo el pa\u00eds.<\/p>\n<p class=\"ecxMsoNormal\">El tambi\u00e9n Presidente del Consejo Ciudadano Estatal de Movimiento Ciudadano en Michoac\u00e1n dijo que a su vez es necesaria la comisi\u00f3n que encabezar\u00e1 para que se transparente y vigile la correcta aplicaci\u00f3n del financiamiento para \u00e9ste gran proyecto ciudadano.<\/p>\n","protected":false},"excerpt":{"rendered":"<p>Manuel Ant\u00fanez Oviedo, ex candidato al gobierno del estado de Michoac\u00e1n en el proceso electoral pasado, fue nombrado Presidente de la Comisi\u00f3n Nacional de Financiamiento de Movimiento Ciudadano.<\/p>\n","protected":false},"author":1,"featured_media":22596,"comment_status":"open","ping_status":"open","sticky":false,"template":"","format":"standard","meta":{"footnotes":""},"categories":[14,18,11],"tags":[],"class_list":["post-22595","post","type-post","status-publish","format-standard","has-post-thumbnail","hentry","category-destacadas","category-movimiento-ciudadano","category-partidos-politicos"],"_links":{"self":[{"href":"https:\/\/radiowebmx.com\/nota\/wp-json\/wp\/v2\/posts\/22595","targetHints":{"allow":["GET"]}}],"collection":[{"href":"https:\/\/radiowebmx.com\/nota\/wp-json\/wp\/v2\/posts"}],"about":[{"href":"https:\/\/radiowebmx.com\/nota\/wp-json\/wp\/v2\/types\/post"}],"author":[{"embeddable":true,"href":"https:\/\/radiowebmx.com\/nota\/wp-json\/wp\/v2\/users\/1"}],"replies":[{"embeddable":true,"href":"https:\/\/radiowebmx.com\/nota\/wp-json\/wp\/v2\/comments?post=22595"}],"version-history":[{"count":1,"href":"https:\/\/radiowebmx.com\/nota\/wp-json\/wp\/v2\/posts\/22595\/revisions"}],"predecessor-version":[{"id":22597,"href":"https:\/\/radiowebmx.com\/nota\/wp-json\/wp\/v2\/posts\/22595\/revisions\/22597"}],"wp:featuredmedia":[{"embeddable":true,"href":"https:\/\/radiowebmx.com\/nota\/wp-json\/wp\/v2\/media\/22596"}],"wp:attachment":[{"href":"https:\/\/radiowebmx.com\/nota\/wp-json\/wp\/v2\/media?parent=22595"}],"wp:term":[{"taxonomy":"category","embeddable":true,"href":"https:\/\/radiowebmx.com\/nota\/wp-json\/wp\/v2\/categories?post=22595"},{"taxonomy":"post_tag","embeddable":true,"href":"https:\/\/radiowebmx.com\/nota\/wp-json\/wp\/v2\/tags?post=22595"}],"curies":[{"name":"wp","href":"https:\/\/api.w.org\/{rel}","templated":true}]}}