{"id":22586,"date":"2016-04-07T14:41:14","date_gmt":"2016-04-07T19:41:14","guid":{"rendered":"https:\/\/radiowebmx.com\/nota\/?p=22586"},"modified":"2016-04-07T14:41:14","modified_gmt":"2016-04-07T19:41:14","slug":"secretaria-de-servicios-publicos-municipales-atiende-necesidades-de-ciudad-industrial","status":"publish","type":"post","link":"https:\/\/radiowebmx.com\/nota\/secretaria-de-servicios-publicos-municipales-atiende-necesidades-de-ciudad-industrial\/","title":{"rendered":"Secretar\u00eda de Servicios P\u00fablicos Municipales atiende necesidades de Ciudad Industrial"},"content":{"rendered":"<p><a href=\"https:\/\/radiowebmx.com\/nota\/wp-content\/uploads\/2016\/04\/650daafb-f6a1-4ead-858b-f0a27dc18dfc.jpg\"><img loading=\"lazy\" decoding=\"async\" class=\"alignleft size-full wp-image-22587\" src=\"https:\/\/radiowebmx.com\/nota\/wp-content\/uploads\/2016\/04\/650daafb-f6a1-4ead-858b-f0a27dc18dfc.jpg\" alt=\"650daafb-f6a1-4ead-858b-f0a27dc18dfc\" width=\"591\" height=\"332\" srcset=\"https:\/\/radiowebmx.com\/nota\/wp-content\/uploads\/2016\/04\/650daafb-f6a1-4ead-858b-f0a27dc18dfc.jpg 591w, https:\/\/radiowebmx.com\/nota\/wp-content\/uploads\/2016\/04\/650daafb-f6a1-4ead-858b-f0a27dc18dfc-300x169.jpg 300w, https:\/\/radiowebmx.com\/nota\/wp-content\/uploads\/2016\/04\/650daafb-f6a1-4ead-858b-f0a27dc18dfc-128x72.jpg 128w\" sizes=\"auto, (max-width: 591px) 100vw, 591px\" \/><\/a>Cumpliendo las instrucciones del Presidente Municipal, Alfonso Mart\u00ednez Alc\u00e1zar, de atender las necesidades de la ciudadan\u00eda, la Secretar\u00eda de Servicios P\u00fablicos Municipales, encabezada por Jos\u00e9 Luis Gil V\u00e1zquez, realiza labores de mejoramiento de imagen y servicios en Ciudad Industrial.<\/p>\n<p>El funcionario municipal, inform\u00f3 que a trav\u00e9s de las Direcciones de Residuos S\u00f3lidos y de Alumbrado Sustentable, se atienden y se da puntual seguimiento a las demandas ciudadanas en ambos \u00e1mbitos.<\/p>\n<p>Dio a conocer que por parte de la Direcci\u00f3n de Alumbrado Sustentable se est\u00e1n remplazando el total de luminarias. Particularmente en las vialidades Norte-Sur y Oriente-Poniente, un total de 30 luminarias se han suplido por l\u00e1mparas con vapor de sodio de alta presi\u00f3n de 150 watts, de tal manera que restan por sustituir \u00fanicamente el 25 por ciento del total de luminarias.<\/p>\n<p>En lo que compete a la Direcci\u00f3n de Residuos S\u00f3lidos, agreg\u00f3 Gil V\u00e1zquez, el personal se encuentra haciendo limpieza de las calles de esta zona de la ciudad, para dejarlas libres de basura.<\/p>\n<p>El encargado de los servicios municipales, explic\u00f3 que mediante estas acciones se busca trabajar en beneficio de los morelianos y dar a las colonias una imagen m\u00e1s presentable.<\/p>\n<p>Para finalizar, Jos\u00e9 Luis Gil, reiter\u00f3 la voluntad del Ayuntamiento por ofrecer servicios b\u00e1sicos de calidad, por lo que record\u00f3 que redoblan esfuerzos diariamente para mejorar la recolecci\u00f3n de basura y el remozamiento de \u00e1reas p\u00fablicas en donde las familias puedan convivir de una manera sana y arm\u00f3nica.<\/p>\n","protected":false},"excerpt":{"rendered":"<p>Cumpliendo las instrucciones del Presidente Municipal, AMA, de atender las necesidades de la ciudadan\u00eda, la Secretar\u00eda de Servicios P\u00fablicos Municipales, encabezada por Jos\u00e9 Luis Gil V\u00e1zquez, realiza labores de mejoramiento de imagen y servicios en Ciudad Industrial.<\/p>\n","protected":false},"author":1,"featured_media":22587,"comment_status":"open","ping_status":"open","sticky":false,"template":"","format":"standard","meta":{"footnotes":""},"categories":[14,9],"tags":[],"class_list":["post-22586","post","type-post","status-publish","format-standard","has-post-thumbnail","hentry","category-destacadas","category-morelia"],"_links":{"self":[{"href":"https:\/\/radiowebmx.com\/nota\/wp-json\/wp\/v2\/posts\/22586","targetHints":{"allow":["GET"]}}],"collection":[{"href":"https:\/\/radiowebmx.com\/nota\/wp-json\/wp\/v2\/posts"}],"about":[{"href":"https:\/\/radiowebmx.com\/nota\/wp-json\/wp\/v2\/types\/post"}],"author":[{"embeddable":true,"href":"https:\/\/radiowebmx.com\/nota\/wp-json\/wp\/v2\/users\/1"}],"replies":[{"embeddable":true,"href":"https:\/\/radiowebmx.com\/nota\/wp-json\/wp\/v2\/comments?post=22586"}],"version-history":[{"count":1,"href":"https:\/\/radiowebmx.com\/nota\/wp-json\/wp\/v2\/posts\/22586\/revisions"}],"predecessor-version":[{"id":22588,"href":"https:\/\/radiowebmx.com\/nota\/wp-json\/wp\/v2\/posts\/22586\/revisions\/22588"}],"wp:featuredmedia":[{"embeddable":true,"href":"https:\/\/radiowebmx.com\/nota\/wp-json\/wp\/v2\/media\/22587"}],"wp:attachment":[{"href":"https:\/\/radiowebmx.com\/nota\/wp-json\/wp\/v2\/media?parent=22586"}],"wp:term":[{"taxonomy":"category","embeddable":true,"href":"https:\/\/radiowebmx.com\/nota\/wp-json\/wp\/v2\/categories?post=22586"},{"taxonomy":"post_tag","embeddable":true,"href":"https:\/\/radiowebmx.com\/nota\/wp-json\/wp\/v2\/tags?post=22586"}],"curies":[{"name":"wp","href":"https:\/\/api.w.org\/{rel}","templated":true}]}}