{"id":22583,"date":"2016-04-07T14:38:02","date_gmt":"2016-04-07T19:38:02","guid":{"rendered":"https:\/\/radiowebmx.com\/nota\/?p=22583"},"modified":"2016-04-07T14:38:02","modified_gmt":"2016-04-07T19:38:02","slug":"da-seguimiento-proam-a-problematica-ambiental-de-zitacuaro","status":"publish","type":"post","link":"https:\/\/radiowebmx.com\/nota\/da-seguimiento-proam-a-problematica-ambiental-de-zitacuaro\/","title":{"rendered":"Da seguimiento ProAm a problem\u00e1tica ambiental de Zit\u00e1cuaro"},"content":{"rendered":"<p><a href=\"https:\/\/radiowebmx.com\/nota\/wp-content\/uploads\/2016\/04\/875666b5-3e0e-4418-8917-5ac26e7197c7.jpg\"><img loading=\"lazy\" decoding=\"async\" class=\"alignleft size-full wp-image-22584\" src=\"https:\/\/radiowebmx.com\/nota\/wp-content\/uploads\/2016\/04\/875666b5-3e0e-4418-8917-5ac26e7197c7.jpg\" alt=\"875666b5-3e0e-4418-8917-5ac26e7197c7\" width=\"591\" height=\"354\" srcset=\"https:\/\/radiowebmx.com\/nota\/wp-content\/uploads\/2016\/04\/875666b5-3e0e-4418-8917-5ac26e7197c7.jpg 591w, https:\/\/radiowebmx.com\/nota\/wp-content\/uploads\/2016\/04\/875666b5-3e0e-4418-8917-5ac26e7197c7-300x180.jpg 300w\" sizes=\"auto, (max-width: 591px) 100vw, 591px\" \/><\/a>La Procuradur\u00eda de Protecci\u00f3n al Ambiente de Michoac\u00e1n (ProAm), encabezada por su titular, Juan Carlos Vega Sol\u00f3rzano, realiz\u00f3 la visita de inspecci\u00f3n a los bancos de materiales p\u00e9treos en operaci\u00f3n en la Presa del Bosque y el cerro del Molcajete, ubicados en el municipio de Zit\u00e1cuaro, donde se realizan actividades inherentes a la exploraci\u00f3n, explotaci\u00f3n, extracci\u00f3n y aprovechamiento de materiales, los cuales no presentaron los permisos y licencias requeridas para su operaci\u00f3n.<\/p>\n<p>&nbsp;<\/p>\n<p>En caso de que no se acaten con las notificaciones hechas dentro de los pr\u00f3ximos diez d\u00edas h\u00e1biles, como lo marcan los lineamientos de la Ley Ambiental para el Desarrollo Sustentable del Estado de Michoac\u00e1n de Ocampo, la dependencia estatal proceder\u00e1 a la clausura de toda actividad, dando cumplimiento a la necesidad imperiosa de regular este tipo de actividades para su adecuada operaci\u00f3n.<\/p>\n<p>&nbsp;<\/p>\n<p>Anteriormente, en 2015 la ProAm coloc\u00f3 cintas de suspensi\u00f3n en sitios ubicados en\u00a0 el cerro del Molcajete por no contar con la autorizaci\u00f3n de la Manifestaci\u00f3n de Impacto Ambiental y el Permiso Anual de Explotaci\u00f3n de Minerales y Sustancias P\u00e9treas, expedidas ambas por la Secretar\u00eda de Medio Ambiente, Recursos Naturales y Cambio Clim\u00e1tico del Estado (Semarnacc).<\/p>\n<p>&nbsp;<\/p>\n<p>Asimismo, durante los meses de diciembre, febrero y marzo, se han llevaron\u00a0 a cabo diversos operativos por parte de la ProAm en referencia a las \u00f3rdenes de vigilancia permanente, con el objetivo de mantener actualizado el estado que guardan los expedientes y poder ejercer acciones en contra de las infracciones cometidas por los responsables de dichos predios.<\/p>\n<p>&nbsp;<\/p>\n<p>Estas acciones son parte de los acuerdos estipulados entre la ProAm y el Ayuntamiento de Zit\u00e1cuaro en el convenio de colaboraci\u00f3n en materia ambiental firmado a principios de a\u00f1o, por lo cual estuvieron acompa\u00f1ando a Vega Sol\u00f3rzano, el director de Ecolog\u00eda municipal, Jos\u00e9 Luis Carmona, as\u00ed como el director de Inspecci\u00f3n y Vigilancia de la Procuradur\u00eda, Gerardo Jim\u00e9nez Guti\u00e9rrez.<\/p>\n","protected":false},"excerpt":{"rendered":"<p>En respuesta a la denuncia presentada por funcionarios de ese municipio, visita e inspecciona bancos de materiales p\u00e9treos de la zona.<\/p>\n","protected":false},"author":1,"featured_media":22584,"comment_status":"open","ping_status":"open","sticky":false,"template":"","format":"standard","meta":{"footnotes":""},"categories":[14,3],"tags":[],"class_list":["post-22583","post","type-post","status-publish","format-standard","has-post-thumbnail","hentry","category-destacadas","category-gobierno-del-estado-de-michoacan"],"_links":{"self":[{"href":"https:\/\/radiowebmx.com\/nota\/wp-json\/wp\/v2\/posts\/22583","targetHints":{"allow":["GET"]}}],"collection":[{"href":"https:\/\/radiowebmx.com\/nota\/wp-json\/wp\/v2\/posts"}],"about":[{"href":"https:\/\/radiowebmx.com\/nota\/wp-json\/wp\/v2\/types\/post"}],"author":[{"embeddable":true,"href":"https:\/\/radiowebmx.com\/nota\/wp-json\/wp\/v2\/users\/1"}],"replies":[{"embeddable":true,"href":"https:\/\/radiowebmx.com\/nota\/wp-json\/wp\/v2\/comments?post=22583"}],"version-history":[{"count":1,"href":"https:\/\/radiowebmx.com\/nota\/wp-json\/wp\/v2\/posts\/22583\/revisions"}],"predecessor-version":[{"id":22585,"href":"https:\/\/radiowebmx.com\/nota\/wp-json\/wp\/v2\/posts\/22583\/revisions\/22585"}],"wp:featuredmedia":[{"embeddable":true,"href":"https:\/\/radiowebmx.com\/nota\/wp-json\/wp\/v2\/media\/22584"}],"wp:attachment":[{"href":"https:\/\/radiowebmx.com\/nota\/wp-json\/wp\/v2\/media?parent=22583"}],"wp:term":[{"taxonomy":"category","embeddable":true,"href":"https:\/\/radiowebmx.com\/nota\/wp-json\/wp\/v2\/categories?post=22583"},{"taxonomy":"post_tag","embeddable":true,"href":"https:\/\/radiowebmx.com\/nota\/wp-json\/wp\/v2\/tags?post=22583"}],"curies":[{"name":"wp","href":"https:\/\/api.w.org\/{rel}","templated":true}]}}