{"id":22579,"date":"2016-04-07T14:33:29","date_gmt":"2016-04-07T19:33:29","guid":{"rendered":"https:\/\/radiowebmx.com\/nota\/?p=22579"},"modified":"2016-04-07T14:33:29","modified_gmt":"2016-04-07T19:33:29","slug":"michoacan-sede-del-primer-congreso-nacional-de-regidoras-y-regidores","status":"publish","type":"post","link":"https:\/\/radiowebmx.com\/nota\/michoacan-sede-del-primer-congreso-nacional-de-regidoras-y-regidores\/","title":{"rendered":"Michoac\u00e1n, sede del Primer Congreso Nacional de Regidoras y Regidores"},"content":{"rendered":"<p><a href=\"https:\/\/radiowebmx.com\/nota\/wp-content\/uploads\/2016\/04\/4b007c3f-6194-4347-95f7-8edc149443b5.jpg\"><img loading=\"lazy\" decoding=\"async\" class=\"alignleft size-full wp-image-22580\" src=\"https:\/\/radiowebmx.com\/nota\/wp-content\/uploads\/2016\/04\/4b007c3f-6194-4347-95f7-8edc149443b5.jpg\" alt=\"4b007c3f-6194-4347-95f7-8edc149443b5\" width=\"591\" height=\"244\" srcset=\"https:\/\/radiowebmx.com\/nota\/wp-content\/uploads\/2016\/04\/4b007c3f-6194-4347-95f7-8edc149443b5.jpg 591w, https:\/\/radiowebmx.com\/nota\/wp-content\/uploads\/2016\/04\/4b007c3f-6194-4347-95f7-8edc149443b5-300x124.jpg 300w\" sizes=\"auto, (max-width: 591px) 100vw, 591px\" \/><\/a>Michoac\u00e1n ser\u00e1 sede del Primer Congreso Nacional de Regidoras y Regidores de M\u00e9xico, que se llevar\u00e1 a cabo los d\u00edas 20, 21 y 22 de abril en Morelia, donde se espera la asistencia de m\u00e1s de mil regidores de todo el pa\u00eds, anunciaron el vocal ejecutivo del Centro Estatal para el Desarrollo Municipal (Cedemun), Carlos Paredes Correa, y el regidor de Puebla y presidente de la Conferencia Nacional de Regidores de M\u00e9xico (CONAREM), Juan Carlos Espina Von Roehrich.<\/p>\n<p>Espina Von Roehrich inform\u00f3 que la CONAREM, en coordinaci\u00f3n con la Conferencia Nacional de Municipios de M\u00e9xico (CONAMM) y el Gobierno de Michoac\u00e1n, a trav\u00e9s del Cedemun, realizar\u00e1n el primer evento dirigido a las y los regidores de todos los estados y partidos pol\u00edticos, el cual tiene entre sus objetivos fortalecer las instituciones gubernamentales locales, as\u00ed como su capacidad de di\u00e1logo ante otras instituciones y entidades privadas.<\/p>\n<p>En conferencia de prensa, record\u00f3 que la CONAREM fue constituida el pasado 27 de enero a fin de integrar a los casi 18 mil regidores de los 2 mil 446 municipios del pa\u00eds.<\/p>\n<p>Asegur\u00f3 que este evento ser\u00e1 un espacio de discusi\u00f3n y an\u00e1lisis en torno al modelo actual de los cabildos, principalmente en lo que respecta a su m\u00e9todo de elecci\u00f3n y funciones, a fin de plantear un esquema que fortalezca las capacidades de las autoridades locales para ejercer una gesti\u00f3n p\u00fablica eficaz y eficiente.<\/p>\n<p>Tambi\u00e9n agradeci\u00f3 al Gobierno de Michoac\u00e1n, que encabeza Silvano Aureoles Conejo, por colaborar en la realizaci\u00f3n de este evento.<\/p>\n<p>Por su parte, Carlos Paredes Correa refrend\u00f3 el compromiso que el Gobierno de Michoac\u00e1n tiene con sus municipios y con el resto del pa\u00eds; por ello, dijo, se ha convocado a este evento a personalidades de renombre, que plantear\u00e1n los escenarios que se viven en la actualidad y el papel que los regidores deben asumir desde una perspectiva de desarrollo nacional.<\/p>\n<p>Adem\u00e1s, \u201cservir\u00e1 de marco para la discusi\u00f3n de ideas e intercambio de experiencias que mejoren el trabajo de los ayuntamientos de M\u00e9xico\u201d, expres\u00f3.<\/p>\n<p>A\u00f1adi\u00f3 que el Gobernador Silvano Aureoles Conejo y los titulares de las distintas secretar\u00edas y dependencias del Gobierno de Michoac\u00e1n han tenido la disposici\u00f3n para apoyar la organizaci\u00f3n del evento, con la intenci\u00f3n de que los visitantes tengan una c\u00e1lida bienvenida y puedan conocer las tradiciones, cultura y gastronom\u00eda de la entidad.<\/p>\n<p>En tanto, el secretario general de la CONAMM, Sergio Arredondo Olvera, mencion\u00f3 que es importante construir una agenda de trabajo que atienda los principales retos del \u00e1mbito municipal y recopilar las necesidades de cada municipio para transformarlas en propuestas, gestiones y acciones, ante los distintos \u00f3rdenes de gobierno.<\/p>\n<p>\u201cTenemos que trabajar tambi\u00e9n para impulsar el reconocimiento y vigencia de la autonom\u00eda municipal; promover la informaci\u00f3n y la capacitaci\u00f3n t\u00e9cnica y pol\u00edtica de los regidores asociados; brindar asesor\u00eda y apoyo subsidiario a los regidores y funcionarios en general con objeto de profesionalizar el ejercicio p\u00fablico municipal\u201d, finaliz\u00f3.<\/p>\n","protected":false},"excerpt":{"rendered":"<p>Michoac\u00e1n ser\u00e1 sede del Primer Congreso Nacional de Regidoras y Regidores de M\u00e9xico, que se llevar\u00e1 a cabo los d\u00edas 20, 21 y 22 de abril en Morelia,<\/p>\n","protected":false},"author":1,"featured_media":22580,"comment_status":"open","ping_status":"open","sticky":false,"template":"","format":"standard","meta":{"footnotes":""},"categories":[14,3],"tags":[],"class_list":["post-22579","post","type-post","status-publish","format-standard","has-post-thumbnail","hentry","category-destacadas","category-gobierno-del-estado-de-michoacan"],"_links":{"self":[{"href":"https:\/\/radiowebmx.com\/nota\/wp-json\/wp\/v2\/posts\/22579","targetHints":{"allow":["GET"]}}],"collection":[{"href":"https:\/\/radiowebmx.com\/nota\/wp-json\/wp\/v2\/posts"}],"about":[{"href":"https:\/\/radiowebmx.com\/nota\/wp-json\/wp\/v2\/types\/post"}],"author":[{"embeddable":true,"href":"https:\/\/radiowebmx.com\/nota\/wp-json\/wp\/v2\/users\/1"}],"replies":[{"embeddable":true,"href":"https:\/\/radiowebmx.com\/nota\/wp-json\/wp\/v2\/comments?post=22579"}],"version-history":[{"count":1,"href":"https:\/\/radiowebmx.com\/nota\/wp-json\/wp\/v2\/posts\/22579\/revisions"}],"predecessor-version":[{"id":22582,"href":"https:\/\/radiowebmx.com\/nota\/wp-json\/wp\/v2\/posts\/22579\/revisions\/22582"}],"wp:featuredmedia":[{"embeddable":true,"href":"https:\/\/radiowebmx.com\/nota\/wp-json\/wp\/v2\/media\/22580"}],"wp:attachment":[{"href":"https:\/\/radiowebmx.com\/nota\/wp-json\/wp\/v2\/media?parent=22579"}],"wp:term":[{"taxonomy":"category","embeddable":true,"href":"https:\/\/radiowebmx.com\/nota\/wp-json\/wp\/v2\/categories?post=22579"},{"taxonomy":"post_tag","embeddable":true,"href":"https:\/\/radiowebmx.com\/nota\/wp-json\/wp\/v2\/tags?post=22579"}],"curies":[{"name":"wp","href":"https:\/\/api.w.org\/{rel}","templated":true}]}}