{"id":22570,"date":"2016-04-07T14:16:23","date_gmt":"2016-04-07T19:16:23","guid":{"rendered":"https:\/\/radiowebmx.com\/nota\/?p=22570"},"modified":"2016-04-07T14:16:23","modified_gmt":"2016-04-07T19:16:23","slug":"conforma-conafor-brigadas-comunitarias-para-combate-de-plagas-y-enfermedades","status":"publish","type":"post","link":"https:\/\/radiowebmx.com\/nota\/conforma-conafor-brigadas-comunitarias-para-combate-de-plagas-y-enfermedades\/","title":{"rendered":"CONFORMA CONAFOR BRIGADAS COMUNITARIAS PARA COMBATE DE PLAGAS Y ENFERMEDADES"},"content":{"rendered":"<p class=\"x_MsoNormal\"><span lang=\"ES\">Para el combate de plagas y la atenci\u00f3n de enfermedades en especies forestales, la Comisi\u00f3n Nacional Forestal (CONAFOR) destina, por primera vez, 46.9 millones de pesos para la conformaci\u00f3n de brigadas comunitarias en todo el pa\u00eds.<\/span><\/p>\n<p class=\"x_MsoNormal\"><span lang=\"ES\">Estos recursos son parte los \u201cMecanismos espec\u00edficos para la prevenci\u00f3n, control y combate de contingencias Ambientales Causadas por Plagas y Enfermedades Forestales\u201d establecidos en las reglas de operaci\u00f3n 2016 del Programa Nacional Forestal (PRONAFOR).<\/span><\/p>\n<p class=\"x_MsoNormal\"><span lang=\"ES\">Este a\u00f1o se realiza la conformaci\u00f3n de 96 brigadas que agrupan a 480 personas en las 32 entidades del pa\u00eds\u00a0 quienes cuentan con apoyos de entre 276 mil 400 pesos y hasta 457 mil 600 pesos para adquirir productos qu\u00edmicos y biol\u00f3gicos, entre otras herramientas; apoyos con los que, durante ocho meses,\u00a0 deber\u00e1n realizar labores de saneamiento en zonas forestales.<\/span><\/p>\n<p class=\"x_MsoNormal\"><span lang=\"ES\">La convocatoria para conocer las bases para la integraci\u00f3n de las brigadas comunitarias se pueden consultar en el sitio internet<\/span><span lang=\"ES\"><a href=\"http:\/\/www.conafor.gob.mx\/web\/apoyos\/apoyos-2016\/\" target=\"_blank\">http:\/\/www.conafor.gob.mx\/web\/apoyos\/apoyos-2016\/<\/a><\/span><span lang=\"ES\">.<\/span><\/p>\n<p class=\"x_MsoNormal\"><span lang=\"ES\">El trabajo de estas brigadas eficienta los tiempos de respuesta y aumenta los recursos con los que propietarios y poseedores de \u00e1reas forestales controlan plagas y enfermedades.<\/span><\/p>\n<p class=\"x_MsoNormal\"><span lang=\"ES\">El cambio clim\u00e1tico, la deforestaci\u00f3n, el cambio de uso contribuyeron a que el a\u00f1o pasado a que cerca de 0.1 por ciento de la superficie forestal del pa\u00eds se vieran afectadas por plagas y enfermedades forestales es decir 144 mil 891 hect\u00e1reas.<\/span><\/p>\n<p class=\"x_MsoNormal\"><span lang=\"ES\">Entre las plagas m\u00e1s comunes se encuentran los insectos descortezadores, agalladores, chupadores, defoliadores y barrenadores y plantas par\u00e1sitas.<\/span><\/p>\n","protected":false},"excerpt":{"rendered":"<p>Para el combate de plagas y la atenci\u00f3n de enfermedades en especies forestales, la CONAFOR destina, por primera vez, 46.9 millones de pesos para la conformaci\u00f3n de brigadas comunitarias en todo el pa\u00eds.<\/p>\n","protected":false},"author":1,"featured_media":22571,"comment_status":"open","ping_status":"open","sticky":false,"template":"","format":"standard","meta":{"footnotes":""},"categories":[14,3],"tags":[],"class_list":["post-22570","post","type-post","status-publish","format-standard","has-post-thumbnail","hentry","category-destacadas","category-gobierno-del-estado-de-michoacan"],"_links":{"self":[{"href":"https:\/\/radiowebmx.com\/nota\/wp-json\/wp\/v2\/posts\/22570","targetHints":{"allow":["GET"]}}],"collection":[{"href":"https:\/\/radiowebmx.com\/nota\/wp-json\/wp\/v2\/posts"}],"about":[{"href":"https:\/\/radiowebmx.com\/nota\/wp-json\/wp\/v2\/types\/post"}],"author":[{"embeddable":true,"href":"https:\/\/radiowebmx.com\/nota\/wp-json\/wp\/v2\/users\/1"}],"replies":[{"embeddable":true,"href":"https:\/\/radiowebmx.com\/nota\/wp-json\/wp\/v2\/comments?post=22570"}],"version-history":[{"count":1,"href":"https:\/\/radiowebmx.com\/nota\/wp-json\/wp\/v2\/posts\/22570\/revisions"}],"predecessor-version":[{"id":22572,"href":"https:\/\/radiowebmx.com\/nota\/wp-json\/wp\/v2\/posts\/22570\/revisions\/22572"}],"wp:featuredmedia":[{"embeddable":true,"href":"https:\/\/radiowebmx.com\/nota\/wp-json\/wp\/v2\/media\/22571"}],"wp:attachment":[{"href":"https:\/\/radiowebmx.com\/nota\/wp-json\/wp\/v2\/media?parent=22570"}],"wp:term":[{"taxonomy":"category","embeddable":true,"href":"https:\/\/radiowebmx.com\/nota\/wp-json\/wp\/v2\/categories?post=22570"},{"taxonomy":"post_tag","embeddable":true,"href":"https:\/\/radiowebmx.com\/nota\/wp-json\/wp\/v2\/tags?post=22570"}],"curies":[{"name":"wp","href":"https:\/\/api.w.org\/{rel}","templated":true}]}}