{"id":22543,"date":"2016-04-05T12:54:22","date_gmt":"2016-04-05T17:54:22","guid":{"rendered":"https:\/\/radiowebmx.com\/nota\/?p=22543"},"modified":"2016-04-05T12:54:22","modified_gmt":"2016-04-05T17:54:22","slug":"definen-secretaria-de-servicios-publicos-y-comision-municipal-de-seguridad-acciones-en-conjunto","status":"publish","type":"post","link":"https:\/\/radiowebmx.com\/nota\/definen-secretaria-de-servicios-publicos-y-comision-municipal-de-seguridad-acciones-en-conjunto\/","title":{"rendered":"Definen Secretar\u00eda de Servicios P\u00fablicos y Comisi\u00f3n Municipal de Seguridad acciones en conjunto"},"content":{"rendered":"<p><a href=\"https:\/\/radiowebmx.com\/nota\/wp-content\/uploads\/2016\/04\/3298dc28-e1d9-4ddb-89c8-f4567d76b077.jpg\"><img loading=\"lazy\" decoding=\"async\" class=\"alignleft size-full wp-image-22544\" src=\"https:\/\/radiowebmx.com\/nota\/wp-content\/uploads\/2016\/04\/3298dc28-e1d9-4ddb-89c8-f4567d76b077.jpg\" alt=\"3298dc28-e1d9-4ddb-89c8-f4567d76b077\" width=\"591\" height=\"315\" srcset=\"https:\/\/radiowebmx.com\/nota\/wp-content\/uploads\/2016\/04\/3298dc28-e1d9-4ddb-89c8-f4567d76b077.jpg 591w, https:\/\/radiowebmx.com\/nota\/wp-content\/uploads\/2016\/04\/3298dc28-e1d9-4ddb-89c8-f4567d76b077-300x160.jpg 300w\" sizes=\"auto, (max-width: 591px) 100vw, 591px\" \/><\/a>El secretario de Servicios P\u00fablicos Municipales, Jos\u00e9 Luis Gil V\u00e1zquez y el comisionado Municipal de Seguridad, Bernardo Le\u00f3n Olea, encabezaron una reuni\u00f3n para la coordinaci\u00f3n de trabajos en conjunto en el Centro Hist\u00f3rico de Morelia y en el Mercado de la Central de Abastos.<\/p>\n<p>En este encuentro, los funcionarios municipales abordaron temas relacionados con el apoyo de seguridad a la Direcci\u00f3n de Mercados, para realizar operativos entre dependencias.<\/p>\n<p>Asimismo, ambos funcionarios definieron la estrategia integral que garantice la seguridad de los inspectores al realizar su trabajo, as\u00ed como de los comerciantes para no afectar sus derechos.<\/p>\n<p>Entre los acuerdos alcanzados durante el encuentro, se acord\u00f3 realizar una agenda com\u00fan y hacer cumplir el Bando Municipal, como el instrumento base para alcanzar el orden y el bienestar de la ciudadan\u00eda.<\/p>\n<p>Adem\u00e1s, convinieron intercambiar informaci\u00f3n para mejorar los resultados de los operativos y fortalecer las acciones llevadas a cabo por parte de la Direcci\u00f3n de Mercados ante las situaciones de riesgo.<\/p>\n<p>En la reuni\u00f3n, que tuvo lugar en las instalaciones de la Comisi\u00f3n Municipal de Seguridad, tambi\u00e9n estuvieron presentes el director de Gobierno Municipal, Iv\u00e1n Barrales Alc\u00e1ntara y el director de Mercados, Jos\u00e9 Eugenio Villalobos Guzm\u00e1n, entre otros.<\/p>\n","protected":false},"excerpt":{"rendered":"<p>El secretario de Servicios P\u00fablicos Municipales, Jos\u00e9 Luis Gil V\u00e1zquez y el comisionado Municipal de Seguridad, Bernardo Le\u00f3n Olea, encabezaron una reuni\u00f3n para la coordinaci\u00f3n de trabajos en conjunto en el Centro Hist\u00f3rico de Morelia y en el Mercado de la Central de Abastos.<\/p>\n","protected":false},"author":1,"featured_media":22544,"comment_status":"open","ping_status":"open","sticky":false,"template":"","format":"standard","meta":{"footnotes":""},"categories":[14,9],"tags":[],"class_list":["post-22543","post","type-post","status-publish","format-standard","has-post-thumbnail","hentry","category-destacadas","category-morelia"],"_links":{"self":[{"href":"https:\/\/radiowebmx.com\/nota\/wp-json\/wp\/v2\/posts\/22543","targetHints":{"allow":["GET"]}}],"collection":[{"href":"https:\/\/radiowebmx.com\/nota\/wp-json\/wp\/v2\/posts"}],"about":[{"href":"https:\/\/radiowebmx.com\/nota\/wp-json\/wp\/v2\/types\/post"}],"author":[{"embeddable":true,"href":"https:\/\/radiowebmx.com\/nota\/wp-json\/wp\/v2\/users\/1"}],"replies":[{"embeddable":true,"href":"https:\/\/radiowebmx.com\/nota\/wp-json\/wp\/v2\/comments?post=22543"}],"version-history":[{"count":1,"href":"https:\/\/radiowebmx.com\/nota\/wp-json\/wp\/v2\/posts\/22543\/revisions"}],"predecessor-version":[{"id":22545,"href":"https:\/\/radiowebmx.com\/nota\/wp-json\/wp\/v2\/posts\/22543\/revisions\/22545"}],"wp:featuredmedia":[{"embeddable":true,"href":"https:\/\/radiowebmx.com\/nota\/wp-json\/wp\/v2\/media\/22544"}],"wp:attachment":[{"href":"https:\/\/radiowebmx.com\/nota\/wp-json\/wp\/v2\/media?parent=22543"}],"wp:term":[{"taxonomy":"category","embeddable":true,"href":"https:\/\/radiowebmx.com\/nota\/wp-json\/wp\/v2\/categories?post=22543"},{"taxonomy":"post_tag","embeddable":true,"href":"https:\/\/radiowebmx.com\/nota\/wp-json\/wp\/v2\/tags?post=22543"}],"curies":[{"name":"wp","href":"https:\/\/api.w.org\/{rel}","templated":true}]}}