{"id":22530,"date":"2016-04-05T12:40:01","date_gmt":"2016-04-05T17:40:01","guid":{"rendered":"https:\/\/radiowebmx.com\/nota\/?p=22530"},"modified":"2016-04-05T12:40:01","modified_gmt":"2016-04-05T17:40:01","slug":"gobierno-de-michoacan-continua-acciones-de-prevencion-y-control-de-incendios-forestales","status":"publish","type":"post","link":"https:\/\/radiowebmx.com\/nota\/gobierno-de-michoacan-continua-acciones-de-prevencion-y-control-de-incendios-forestales\/","title":{"rendered":"Gobierno de Michoac\u00e1n contin\u00faa acciones de prevenci\u00f3n y control de incendios forestales"},"content":{"rendered":"<figure id=\"attachment_22531\" aria-describedby=\"caption-attachment-22531\" style=\"width: 591px\" class=\"wp-caption alignleft\"><a href=\"https:\/\/radiowebmx.com\/nota\/wp-content\/uploads\/2016\/04\/ba0563c9-43a2-4d94-af87-d30ade09223e.jpg\"><img loading=\"lazy\" decoding=\"async\" class=\"size-full wp-image-22531\" src=\"https:\/\/radiowebmx.com\/nota\/wp-content\/uploads\/2016\/04\/ba0563c9-43a2-4d94-af87-d30ade09223e.jpg\" alt=\"SONY DSC\" width=\"591\" height=\"333\" srcset=\"https:\/\/radiowebmx.com\/nota\/wp-content\/uploads\/2016\/04\/ba0563c9-43a2-4d94-af87-d30ade09223e.jpg 591w, https:\/\/radiowebmx.com\/nota\/wp-content\/uploads\/2016\/04\/ba0563c9-43a2-4d94-af87-d30ade09223e-300x169.jpg 300w, https:\/\/radiowebmx.com\/nota\/wp-content\/uploads\/2016\/04\/ba0563c9-43a2-4d94-af87-d30ade09223e-128x72.jpg 128w\" sizes=\"auto, (max-width: 591px) 100vw, 591px\" \/><\/a><figcaption id=\"caption-attachment-22531\" class=\"wp-caption-text\">SONY DSC<\/figcaption><\/figure>\n<p>En seguimiento a las indagatorias para determinar las causas de los incendios forestales que en la actual temporada de estiaje se han presentando en el cerro del Quinceo y en el paraje Piedra del Indio de este municipio, autoridades del \u00e1rea de Inspecci\u00f3n y Vigilancia de la Comisi\u00f3n Forestal del Estado y de la Comisi\u00f3n Nacional Forestal, realizaron un sobrevuelo de reconocimiento en estas zonas.<\/p>\n<p>Con lo anterior y la suma de esfuerzos de autoridades ambientales y forestales, se pretende adem\u00e1s ubicar a las personas causantes de estas quemas, que en gran medida son ocasionados para el cambio de uso de suelo para la siembra de cultivos o para urbanizaci\u00f3n.<\/p>\n<p>El director general de la Comisi\u00f3n Forestal del Estado, Roberto P\u00e9rez Medrano, resalt\u00f3 que conforme lo instruido por el Gobernador Silvano Aureoles Conejo, en Michoac\u00e1n no se detendr\u00e1n las acciones para frenar el deterioro de los recursos naturales.<\/p>\n<p>El equipo a\u00e9reo dispuesto para este sobrevuelo, es resultado del apoyo gubernamental a trav\u00e9s de la Unidad Estatal de Protecci\u00f3n Civil, que adem\u00e1s permiti\u00f3 el traslado de brigadas de combatientes de la Cofom y Conafor para atender estas y otras quemas que en los \u00faltimos d\u00edas se han presentado en la regi\u00f3n de Morelia.<\/p>\n<p>Todos los incidentes est\u00e1n siendo combatidos bajo un mando \u00fanico que coordina las m\u00e1s de 100 brigadas contra incendios existentes de los tres \u00f3rdenes de gobierno.<\/p>\n<p>Se hace un llamado a las y los ciudadanos para que eviten provocar incendios forestales, y que en caso de detectarlos, los reporten a los siguientes tel\u00e9fonos: Nacional.-01-800-4623-6346; Centro Estatal.- (443)308-2176, 308-2135; COFOM.- 01-800-712-5566 y (443)312-5043.<\/p>\n","protected":false},"excerpt":{"rendered":"<p>En seguimiento a las indagatorias para determinar las causas de los incendios forestales que en la actual temporada de estiaje se han presentando en el cerro del Quinceo y en el paraje Piedra del Indio de este municipio, <\/p>\n","protected":false},"author":1,"featured_media":22531,"comment_status":"open","ping_status":"open","sticky":false,"template":"","format":"standard","meta":{"footnotes":""},"categories":[14,3],"tags":[],"class_list":["post-22530","post","type-post","status-publish","format-standard","has-post-thumbnail","hentry","category-destacadas","category-gobierno-del-estado-de-michoacan"],"_links":{"self":[{"href":"https:\/\/radiowebmx.com\/nota\/wp-json\/wp\/v2\/posts\/22530","targetHints":{"allow":["GET"]}}],"collection":[{"href":"https:\/\/radiowebmx.com\/nota\/wp-json\/wp\/v2\/posts"}],"about":[{"href":"https:\/\/radiowebmx.com\/nota\/wp-json\/wp\/v2\/types\/post"}],"author":[{"embeddable":true,"href":"https:\/\/radiowebmx.com\/nota\/wp-json\/wp\/v2\/users\/1"}],"replies":[{"embeddable":true,"href":"https:\/\/radiowebmx.com\/nota\/wp-json\/wp\/v2\/comments?post=22530"}],"version-history":[{"count":1,"href":"https:\/\/radiowebmx.com\/nota\/wp-json\/wp\/v2\/posts\/22530\/revisions"}],"predecessor-version":[{"id":22532,"href":"https:\/\/radiowebmx.com\/nota\/wp-json\/wp\/v2\/posts\/22530\/revisions\/22532"}],"wp:featuredmedia":[{"embeddable":true,"href":"https:\/\/radiowebmx.com\/nota\/wp-json\/wp\/v2\/media\/22531"}],"wp:attachment":[{"href":"https:\/\/radiowebmx.com\/nota\/wp-json\/wp\/v2\/media?parent=22530"}],"wp:term":[{"taxonomy":"category","embeddable":true,"href":"https:\/\/radiowebmx.com\/nota\/wp-json\/wp\/v2\/categories?post=22530"},{"taxonomy":"post_tag","embeddable":true,"href":"https:\/\/radiowebmx.com\/nota\/wp-json\/wp\/v2\/tags?post=22530"}],"curies":[{"name":"wp","href":"https:\/\/api.w.org\/{rel}","templated":true}]}}