{"id":22527,"date":"2016-04-05T12:20:15","date_gmt":"2016-04-05T17:20:15","guid":{"rendered":"https:\/\/radiowebmx.com\/nota\/?p=22527"},"modified":"2016-04-05T12:20:15","modified_gmt":"2016-04-05T17:20:15","slug":"sicdet-y-sagarpa-gestionaran-recursos-para-fortalecer-a-los-sectores-productivos","status":"publish","type":"post","link":"https:\/\/radiowebmx.com\/nota\/sicdet-y-sagarpa-gestionaran-recursos-para-fortalecer-a-los-sectores-productivos\/","title":{"rendered":"Sicdet y Sagarpa gestionar\u00e1n recursos para fortalecer a los sectores productivos"},"content":{"rendered":"<p><a href=\"https:\/\/radiowebmx.com\/nota\/wp-content\/uploads\/2016\/04\/868eb14f-d931-43ba-83ee-cf5ecd20ad2c.jpg\"><img loading=\"lazy\" decoding=\"async\" class=\"alignleft size-full wp-image-22528\" src=\"https:\/\/radiowebmx.com\/nota\/wp-content\/uploads\/2016\/04\/868eb14f-d931-43ba-83ee-cf5ecd20ad2c.jpg\" alt=\"868eb14f-d931-43ba-83ee-cf5ecd20ad2c\" width=\"591\" height=\"324\" srcset=\"https:\/\/radiowebmx.com\/nota\/wp-content\/uploads\/2016\/04\/868eb14f-d931-43ba-83ee-cf5ecd20ad2c.jpg 591w, https:\/\/radiowebmx.com\/nota\/wp-content\/uploads\/2016\/04\/868eb14f-d931-43ba-83ee-cf5ecd20ad2c-300x164.jpg 300w\" sizes=\"auto, (max-width: 591px) 100vw, 591px\" \/><\/a>El titular de la Secretar\u00eda de Innovaci\u00f3n, Ciencia y Desarrollo Tecnol\u00f3gico (Sicdet), Jos\u00e9 Luis Monta\u00f1ez, sostuvo una reuni\u00f3n de trabajo con Jes\u00fas Ram\u00f3n Torres, subdelegado agropecuario de la delegaci\u00f3n en Michoac\u00e1n de la Secretar\u00eda de Agricultura, Ganader\u00eda, Desarrollo Rural, Pesca y Alimentaci\u00f3n (Sagarpa).<\/p>\n<p>El objetivo de la reuni\u00f3n fue generar esquemas para la gesti\u00f3n conjunta de recursos del Programa de Innovaci\u00f3n y Transferencia de Tecnolog\u00eda en Materia Agropecuaria, a fin de apoyar proyectos de investigaci\u00f3n en diferentes \u00e1mbitos de la competencia de la dependencia federal.<\/p>\n<p>Este financiamiento podr\u00eda alcanzar hasta los 12 millones de pesos, dirigidos a apoyar proyectos de generaci\u00f3n de tecnolog\u00eda generada regionalmente y que permita atender problem\u00e1ticas identificadas en los diferentes sectores.<\/p>\n<p>Un ejemplo es el caso del cultivo y producci\u00f3n de fresa en la regi\u00f3n de Zamora, cuyos productores tienen que pagar altos costos por concepto de patentes, lo que merma su ganancia y competitividad, de modo que la investigaci\u00f3n local, en la que se involucren los actores acad\u00e9micos, gubernamentales y productivos, permitir\u00e1 fortalecer su capacidad innovadora.<\/p>\n<p>Esta clase de trabajo involucra la transversalidad a la que se pretende sumar a actores acad\u00e9micos del Colegio de Postgraduados de la Universidad Michoacana de San Nicol\u00e1s de Hidalgo, el Instituto Nacional de Investigaciones Forestales, Agr\u00edcolas y Pecuarias; el Centro de Innovaci\u00f3n y Desarrollo Agroalimentario de Michoac\u00e1n, la Secretar\u00eda de Desarrollo Rural y Agroalimentario, as\u00ed como la Sicdet y la Sagarpa.<\/p>\n<p>A su vez, este acercamiento permitir\u00e1 construir una agenda de proyectos de innovaci\u00f3n en materia agropecuaria en las diferentes regiones de la entidad, con apego a las vocaciones productivas locales, cada una con sus propias demandas y necesidades donde la innovaci\u00f3n, la ciencia y el desarrollo tecnol\u00f3gico tienen soluciones que aportar.<\/p>\n<p>En este sentido, Jos\u00e9 Luis Monta\u00f1ez se\u00f1al\u00f3 que los sectores productivos en la entidad precisan de la vinculaci\u00f3n con la academia y el sector de investigaci\u00f3n, pues en la suma de esfuerzos y la coordinaci\u00f3n pueden potenciarse aspectos como la competitividad, la productividad y la rentabilidad a favor de los productores y el sector agroalimentario en la entidad.<\/p>\n<p>En consecuencia, apunt\u00f3, desde la Sicdet se buscar\u00e1 de manera permanente reunir a estos actores bajo una l\u00f3gica transversal, coordinada y eficiente para que tambi\u00e9n los recursos destinados al sector se multipliquen con la concurrencia entre la federaci\u00f3n, el estado, los propios productores y los municipios.<\/p>\n","protected":false},"excerpt":{"rendered":"<p>El titular de la Sicdet, Jos\u00e9 Luis Monta\u00f1ez, sostuvo una reuni\u00f3n de trabajo con Jes\u00fas Ram\u00f3n Torres, subdelegado agropecuario de la delegaci\u00f3n en Michoac\u00e1n de la Sagarpa.<\/p>\n","protected":false},"author":1,"featured_media":22528,"comment_status":"open","ping_status":"open","sticky":false,"template":"","format":"standard","meta":{"footnotes":""},"categories":[14,3],"tags":[],"class_list":["post-22527","post","type-post","status-publish","format-standard","has-post-thumbnail","hentry","category-destacadas","category-gobierno-del-estado-de-michoacan"],"_links":{"self":[{"href":"https:\/\/radiowebmx.com\/nota\/wp-json\/wp\/v2\/posts\/22527","targetHints":{"allow":["GET"]}}],"collection":[{"href":"https:\/\/radiowebmx.com\/nota\/wp-json\/wp\/v2\/posts"}],"about":[{"href":"https:\/\/radiowebmx.com\/nota\/wp-json\/wp\/v2\/types\/post"}],"author":[{"embeddable":true,"href":"https:\/\/radiowebmx.com\/nota\/wp-json\/wp\/v2\/users\/1"}],"replies":[{"embeddable":true,"href":"https:\/\/radiowebmx.com\/nota\/wp-json\/wp\/v2\/comments?post=22527"}],"version-history":[{"count":1,"href":"https:\/\/radiowebmx.com\/nota\/wp-json\/wp\/v2\/posts\/22527\/revisions"}],"predecessor-version":[{"id":22529,"href":"https:\/\/radiowebmx.com\/nota\/wp-json\/wp\/v2\/posts\/22527\/revisions\/22529"}],"wp:featuredmedia":[{"embeddable":true,"href":"https:\/\/radiowebmx.com\/nota\/wp-json\/wp\/v2\/media\/22528"}],"wp:attachment":[{"href":"https:\/\/radiowebmx.com\/nota\/wp-json\/wp\/v2\/media?parent=22527"}],"wp:term":[{"taxonomy":"category","embeddable":true,"href":"https:\/\/radiowebmx.com\/nota\/wp-json\/wp\/v2\/categories?post=22527"},{"taxonomy":"post_tag","embeddable":true,"href":"https:\/\/radiowebmx.com\/nota\/wp-json\/wp\/v2\/tags?post=22527"}],"curies":[{"name":"wp","href":"https:\/\/api.w.org\/{rel}","templated":true}]}}