{"id":22523,"date":"2016-04-05T12:17:12","date_gmt":"2016-04-05T17:17:12","guid":{"rendered":"https:\/\/radiowebmx.com\/nota\/?p=22523"},"modified":"2016-04-05T12:17:12","modified_gmt":"2016-04-05T17:17:12","slug":"semigrante-atiende-de-manera-directa-a-michoacanos-radicados-en-eu","status":"publish","type":"post","link":"https:\/\/radiowebmx.com\/nota\/semigrante-atiende-de-manera-directa-a-michoacanos-radicados-en-eu\/","title":{"rendered":"Semigrante atiende de manera directa a michoacanos radicados en EU"},"content":{"rendered":"<p><a href=\"https:\/\/radiowebmx.com\/nota\/wp-content\/uploads\/2016\/04\/6820cff9-5e2c-4f6c-b952-57d42f8894f6.jpg\"><img loading=\"lazy\" decoding=\"async\" class=\"alignleft size-full wp-image-22525\" src=\"https:\/\/radiowebmx.com\/nota\/wp-content\/uploads\/2016\/04\/6820cff9-5e2c-4f6c-b952-57d42f8894f6.jpg\" alt=\"6820cff9-5e2c-4f6c-b952-57d42f8894f6\" width=\"591\" height=\"402\" srcset=\"https:\/\/radiowebmx.com\/nota\/wp-content\/uploads\/2016\/04\/6820cff9-5e2c-4f6c-b952-57d42f8894f6.jpg 591w, https:\/\/radiowebmx.com\/nota\/wp-content\/uploads\/2016\/04\/6820cff9-5e2c-4f6c-b952-57d42f8894f6-300x204.jpg 300w\" sizes=\"auto, (max-width: 591px) 100vw, 591px\" \/><\/a>Con el objetivo de atender las demandas y necesidades de los migrantes michoacanos y sus familias, as\u00ed como para dar informaci\u00f3n de los programas y servicios que ofrece la Secretar\u00eda del Migrante (Semigrante) a quienes radican en Estados Unidos, el titular de la dependencia, Jos\u00e9 Luis Guti\u00e9rrez, realiza una gira de trabajo por las ciudades de Chicago, Illinois; Los \u00c1ngeles, California; Las Vegas, Nevada; y Seattle, Washington.<\/p>\n<p>Al iniciar su gira, Jos\u00e9 Luis Guti\u00e9rrez visit\u00f3 la Casa Michoac\u00e1n en Chicago, donde se reuni\u00f3 con migrantes, l\u00edderes de clubes y federaciones de migrantes, as\u00ed como con Carlos Mac\u00edas, c\u00f3nsul general de M\u00e9xico en esta ciudad, y posteriormente con Alma Eunice Rend\u00f3n C\u00e1rdenas, titular del Instituto de los Mexicanos en el Exterior, ante quienes refrend\u00f3 la importancia que el tema migrante tiene para el Gobierno que encabeza Silvano Aureoles Conejo, reafirmando que Michoac\u00e1n es un estado binacional y, por lo tanto, las pol\u00edticas p\u00fablicas deben crearse con esta direcci\u00f3n y conjuntando esfuerzos.<\/p>\n<p>Resalt\u00f3 que fue por instrucci\u00f3n expresa del Gobernador que emprendi\u00f3 esta gira para atender las necesidades de la comunidad migrante radicada en Estados Unidos y con ello lograr un gobierno cercano a la gente, sin importar en d\u00f3nde se encuentre.<\/p>\n<p>El funcionario estatal tambi\u00e9n asisti\u00f3 al Celebrate M\u00e9xico 2016, que realiza la Secretar\u00eda de Relaciones Exteriores en el Navy Pier para celebrar a la comunidad mexicana en un evento cultural, en el que se resaltan las tradiciones y la cultura, y donde la Semigrante particip\u00f3 con un stand en el que se ofreci\u00f3 informaci\u00f3n de Michoac\u00e1n.<\/p>\n<p>El secretario del Migrante tambi\u00e9n particip\u00f3 en un evento en el que se detallaron los pormenores del entrenamiento virtual sobre derechos de migraci\u00f3n, que se llevar\u00e1 a cabo el pr\u00f3ximo 21 de abril; asimismo, y en seguimiento a la firma del convenio que el Gobierno del Estado realiz\u00f3 con la iniciativa Juntos Podemos el pasado 29 de marzo, se firm\u00f3 la agenda de trabajo que la Casa Michoac\u00e1n tendr\u00e1 con esta organizaci\u00f3n.<\/p>\n<p>Ma\u00f1ana martes Jos\u00e9 Luis Guti\u00e9rrez atender\u00e1 a los connacionales en las oficinas de la Casa Michoac\u00e1n de los \u00c1ngeles, California, ubicada en la Plaza M\u00e9xico 3100, E. Imperial Hwy. 1207-1208, en Lynwood, California, en punto de las 18:00 horas.<\/p>\n<p>Posteriormente, el jueves 7 de abril brindar\u00e1 atenci\u00f3n desde las 16 horas en el Consulado General de M\u00e9xico en las Vegas, Nevada, y el s\u00e1bado 9 a las 18:00 horas en New Hope Lutheran Church, en Seattle, Washington.<\/p>\n","protected":false},"excerpt":{"rendered":"<p>Con el objetivo de atender las demandas y necesidades de los migrantes michoacanos y sus familias, as\u00ed como para dar informaci\u00f3n de los programas y Semigrante a quienes radican en Estados Unidos, el titular de la dependencia,<\/p>\n","protected":false},"author":1,"featured_media":22525,"comment_status":"open","ping_status":"open","sticky":false,"template":"","format":"standard","meta":{"footnotes":""},"categories":[14,3],"tags":[],"class_list":["post-22523","post","type-post","status-publish","format-standard","has-post-thumbnail","hentry","category-destacadas","category-gobierno-del-estado-de-michoacan"],"_links":{"self":[{"href":"https:\/\/radiowebmx.com\/nota\/wp-json\/wp\/v2\/posts\/22523","targetHints":{"allow":["GET"]}}],"collection":[{"href":"https:\/\/radiowebmx.com\/nota\/wp-json\/wp\/v2\/posts"}],"about":[{"href":"https:\/\/radiowebmx.com\/nota\/wp-json\/wp\/v2\/types\/post"}],"author":[{"embeddable":true,"href":"https:\/\/radiowebmx.com\/nota\/wp-json\/wp\/v2\/users\/1"}],"replies":[{"embeddable":true,"href":"https:\/\/radiowebmx.com\/nota\/wp-json\/wp\/v2\/comments?post=22523"}],"version-history":[{"count":1,"href":"https:\/\/radiowebmx.com\/nota\/wp-json\/wp\/v2\/posts\/22523\/revisions"}],"predecessor-version":[{"id":22526,"href":"https:\/\/radiowebmx.com\/nota\/wp-json\/wp\/v2\/posts\/22523\/revisions\/22526"}],"wp:featuredmedia":[{"embeddable":true,"href":"https:\/\/radiowebmx.com\/nota\/wp-json\/wp\/v2\/media\/22525"}],"wp:attachment":[{"href":"https:\/\/radiowebmx.com\/nota\/wp-json\/wp\/v2\/media?parent=22523"}],"wp:term":[{"taxonomy":"category","embeddable":true,"href":"https:\/\/radiowebmx.com\/nota\/wp-json\/wp\/v2\/categories?post=22523"},{"taxonomy":"post_tag","embeddable":true,"href":"https:\/\/radiowebmx.com\/nota\/wp-json\/wp\/v2\/tags?post=22523"}],"curies":[{"name":"wp","href":"https:\/\/api.w.org\/{rel}","templated":true}]}}