{"id":22520,"date":"2016-04-05T11:52:38","date_gmt":"2016-04-05T16:52:38","guid":{"rendered":"https:\/\/radiowebmx.com\/nota\/?p=22520"},"modified":"2016-04-05T11:52:38","modified_gmt":"2016-04-05T16:52:38","slug":"cierra-el-tianguis-artesanal-en-uruapan-con-alza-en-ventas","status":"publish","type":"post","link":"https:\/\/radiowebmx.com\/nota\/cierra-el-tianguis-artesanal-en-uruapan-con-alza-en-ventas\/","title":{"rendered":"Cierra el Tianguis Artesanal en Uruapan con alza en ventas"},"content":{"rendered":"<p><a href=\"https:\/\/radiowebmx.com\/nota\/wp-content\/uploads\/2016\/04\/c2df2a1c-fa69-49f5-a1be-d18345ae72b4.jpg\"><img loading=\"lazy\" decoding=\"async\" class=\"alignleft size-full wp-image-22521\" src=\"https:\/\/radiowebmx.com\/nota\/wp-content\/uploads\/2016\/04\/c2df2a1c-fa69-49f5-a1be-d18345ae72b4.jpg\" alt=\"c2df2a1c-fa69-49f5-a1be-d18345ae72b4\" width=\"591\" height=\"306\" srcset=\"https:\/\/radiowebmx.com\/nota\/wp-content\/uploads\/2016\/04\/c2df2a1c-fa69-49f5-a1be-d18345ae72b4.jpg 591w, https:\/\/radiowebmx.com\/nota\/wp-content\/uploads\/2016\/04\/c2df2a1c-fa69-49f5-a1be-d18345ae72b4-300x155.jpg 300w\" sizes=\"auto, (max-width: 591px) 100vw, 591px\" \/><\/a>Este fin de semana culmin\u00f3 el Tianguis Artesanal de Uruapan, el m\u00e1s grande de Am\u00e9rica Latina, donde participaron mil 300 art\u00edfices de las cuatro etnias del estado, que permanecieron durante 15 d\u00edas en las principales plazas de esta ciudad y registraron ventas por alrededor de los 15 millones de pesos en ventas de sus piezas.<\/p>\n<p>Durante la clausura del escaparate, el director general del Instituto del Artesano Michoacano (IAM), Marco Antonio Lagunas V\u00e1zquez, destac\u00f3 que gracias a la visita de turistas nacionales y extranjeros, las y los artesanos provenientes de 47 localidades del estado tuvieron una alza en la venta de sus productos en las ramas de alfarer\u00eda, textil, madera, as\u00ed como la herrer\u00eda de la localidad de San Felipe de los Herreros, las esferas de Tlalpujahua y la alfarer\u00eda en nuevas t\u00e9cnicas de Zinap\u00e9cuaro, que tienen poco de participar en este evento.<\/p>\n<p>Asimismo, destac\u00f3 que durante los dos d\u00edas de venta de las piezas del LVI Concurso Estatal de Artesan\u00eda, que se realiz\u00f3 en la Casa de la Cultura, se vendieron m\u00e1s de 557 piezas, lo que gener\u00f3 una derrama econ\u00f3mica de un mill\u00f3n 960 mil pesos.<\/p>\n<p>En la comida que la administraci\u00f3n estatal que encabeza el Gobernador Silvano Aureoles Conejo ofreci\u00f3 a los art\u00edfices participantes en este Tianguis Artesanal se hizo entrega de un premio especial a una de las piezas participantes en el LVI Concurso Estatal de Artesan\u00edas, que otorg\u00f3 el Centro Estatal de Tecnolog\u00eda de Informaci\u00f3n y Comunicaciones (CETIC), de manos de su director general, Gabriel Ochoa Hern\u00e1ndez, a la artesana de Santa Clara del Cobre\u00a0 Mar\u00eda Lilia Punzo C\u00e1zares, quien elabor\u00f3 una cazuela de cobre con asa.<\/p>\n<p>Cabe mencionar que la pieza ganadora fue elegida a trav\u00e9s de una nueva din\u00e1mica que se manej\u00f3 en las redes sociales, tanto del Cetic como del IAM, y por medio de Facebook se llev\u00f3 a cabo la selecci\u00f3n de la pieza premiada, que logr\u00f3 995 votos de artesanos y p\u00fablico en general.<\/p>\n","protected":false},"excerpt":{"rendered":"<p>Este fin de semana culmin\u00f3 el Tianguis Artesanal de Uruapan, el m\u00e1s grande de Am\u00e9rica Latina, donde participaron mil 300 art\u00edfices de las cuatro etnias del estado, <\/p>\n","protected":false},"author":1,"featured_media":22521,"comment_status":"open","ping_status":"open","sticky":false,"template":"","format":"standard","meta":{"footnotes":""},"categories":[14,3],"tags":[],"class_list":["post-22520","post","type-post","status-publish","format-standard","has-post-thumbnail","hentry","category-destacadas","category-gobierno-del-estado-de-michoacan"],"_links":{"self":[{"href":"https:\/\/radiowebmx.com\/nota\/wp-json\/wp\/v2\/posts\/22520","targetHints":{"allow":["GET"]}}],"collection":[{"href":"https:\/\/radiowebmx.com\/nota\/wp-json\/wp\/v2\/posts"}],"about":[{"href":"https:\/\/radiowebmx.com\/nota\/wp-json\/wp\/v2\/types\/post"}],"author":[{"embeddable":true,"href":"https:\/\/radiowebmx.com\/nota\/wp-json\/wp\/v2\/users\/1"}],"replies":[{"embeddable":true,"href":"https:\/\/radiowebmx.com\/nota\/wp-json\/wp\/v2\/comments?post=22520"}],"version-history":[{"count":1,"href":"https:\/\/radiowebmx.com\/nota\/wp-json\/wp\/v2\/posts\/22520\/revisions"}],"predecessor-version":[{"id":22522,"href":"https:\/\/radiowebmx.com\/nota\/wp-json\/wp\/v2\/posts\/22520\/revisions\/22522"}],"wp:featuredmedia":[{"embeddable":true,"href":"https:\/\/radiowebmx.com\/nota\/wp-json\/wp\/v2\/media\/22521"}],"wp:attachment":[{"href":"https:\/\/radiowebmx.com\/nota\/wp-json\/wp\/v2\/media?parent=22520"}],"wp:term":[{"taxonomy":"category","embeddable":true,"href":"https:\/\/radiowebmx.com\/nota\/wp-json\/wp\/v2\/categories?post=22520"},{"taxonomy":"post_tag","embeddable":true,"href":"https:\/\/radiowebmx.com\/nota\/wp-json\/wp\/v2\/tags?post=22520"}],"curies":[{"name":"wp","href":"https:\/\/api.w.org\/{rel}","templated":true}]}}