{"id":22517,"date":"2016-04-05T11:39:07","date_gmt":"2016-04-05T16:39:07","guid":{"rendered":"https:\/\/radiowebmx.com\/nota\/?p=22517"},"modified":"2016-04-05T11:39:07","modified_gmt":"2016-04-05T16:39:07","slug":"el-centro-de-convenciones-de-morelia-aliado-de-ong-animalistas","status":"publish","type":"post","link":"https:\/\/radiowebmx.com\/nota\/el-centro-de-convenciones-de-morelia-aliado-de-ong-animalistas\/","title":{"rendered":"El Centro de Convenciones de Morelia, aliado de ONG animalistas"},"content":{"rendered":"<p class=\"ecxGobMich\"><span lang=\"ES\"><a href=\"https:\/\/radiowebmx.com\/nota\/wp-content\/uploads\/2016\/04\/fca94228-46e0-4e8f-b041-46a7eb7f0e10.jpg\"><img loading=\"lazy\" decoding=\"async\" class=\"alignleft size-full wp-image-22518\" src=\"https:\/\/radiowebmx.com\/nota\/wp-content\/uploads\/2016\/04\/fca94228-46e0-4e8f-b041-46a7eb7f0e10.jpg\" alt=\"fca94228-46e0-4e8f-b041-46a7eb7f0e10\" width=\"591\" height=\"371\" srcset=\"https:\/\/radiowebmx.com\/nota\/wp-content\/uploads\/2016\/04\/fca94228-46e0-4e8f-b041-46a7eb7f0e10.jpg 591w, https:\/\/radiowebmx.com\/nota\/wp-content\/uploads\/2016\/04\/fca94228-46e0-4e8f-b041-46a7eb7f0e10-300x188.jpg 300w\" sizes=\"auto, (max-width: 591px) 100vw, 591px\" \/><\/a>El pasado fin de semana en el Jard\u00edn del Orquidario del Centro de Convenciones de Morelia se realiz\u00f3 el Festican, evento al que asistieron decenas de personas con sus mascotas, quienes participaron en actividades como concursos, kerm\u00e9s, rifas, charlas y adopci\u00f3n de perros.<\/span><\/p>\n<p class=\"ecxGobMich\"><span lang=\"ES\">De esta manera, el Centro de Convenciones de Morelia se suma a las organizaciones GHAPAD, AMA y PrevenPET en la generaci\u00f3n de espacios para llevar a cabo acciones cuyo objetivo es generar conciencia en la sociedad civil, as\u00ed como promover el buen uso de las instalaciones para que los ciudadanos disfruten con sus mascotas de las \u00e1reas verdes de este espacio.<\/span><\/p>\n<p class=\"ecxGobMich\"><span lang=\"ES\">En su participaci\u00f3n durante una de las charlas, el director del Centro de Convenciones de Morelia, \u00d3scar Celis Silva, destac\u00f3 el proyecto del Gobernador Silvano Aureoles Conejo de mejorar las instalaciones del recinto, a las cuales \u2013subray\u00f3- se les debe dar buen uso, ya que son p\u00fablicas.<\/span><\/p>\n<p class=\"ecxGobMich\"><span lang=\"ES\">Resalt\u00f3 que otro de los compromisos del Gobernador con las asociaciones protectoras de animales, es generar espacios para este tipo de eventos, facilitar la adopci\u00f3n de mascotas e inculcar la cultura de responsabilidad con los animales, de lo cual ya se dio constancia con el cambio de sede de la Kerm\u00e9s del Sistema DIF Michoac\u00e1n, que anteriormente se llevaba a cabo en el Zool\u00f3gico de Morelia y que este a\u00f1o por primera vez se celebr\u00f3 en los jardines del Centro de Convenciones.<\/span><\/p>\n<p class=\"ecxGobMich\"><span lang=\"ES\">\u201cVamos a trabajar de la mano con las asociaciones protectoras de animales, es una instrucci\u00f3n que tenemos del Gobernador y nosotros estaremos contribuyendo con nuestro granito de arena desde nuestra trinchera. Aqu\u00ed nos gusta ver a la gente pasear con sus mascotas, es un espacio para todos, no solamente lo vemos como un centro de convenciones, un teatro, planetario, orquidario; tambi\u00e9n es un espacio de esparcimiento para las familias, para los ni\u00f1os, aqu\u00ed son bienvenidos todos con sus mascotas\u201d, expres\u00f3 Celis Silva.<\/span><\/p>\n","protected":false},"excerpt":{"rendered":"<p>El pasado fin de semana en el Jard\u00edn del Orquidario del Centro de Convenciones de Morelia se realiz\u00f3 el Festican, evento al que asistieron decenas de personas con sus mascotas, quienes participaron en actividades como concursos, kerm\u00e9s, rifas, charlas y adopci\u00f3n de perros.<\/p>\n","protected":false},"author":1,"featured_media":22518,"comment_status":"open","ping_status":"open","sticky":false,"template":"","format":"standard","meta":{"footnotes":""},"categories":[14,3],"tags":[],"class_list":["post-22517","post","type-post","status-publish","format-standard","has-post-thumbnail","hentry","category-destacadas","category-gobierno-del-estado-de-michoacan"],"_links":{"self":[{"href":"https:\/\/radiowebmx.com\/nota\/wp-json\/wp\/v2\/posts\/22517","targetHints":{"allow":["GET"]}}],"collection":[{"href":"https:\/\/radiowebmx.com\/nota\/wp-json\/wp\/v2\/posts"}],"about":[{"href":"https:\/\/radiowebmx.com\/nota\/wp-json\/wp\/v2\/types\/post"}],"author":[{"embeddable":true,"href":"https:\/\/radiowebmx.com\/nota\/wp-json\/wp\/v2\/users\/1"}],"replies":[{"embeddable":true,"href":"https:\/\/radiowebmx.com\/nota\/wp-json\/wp\/v2\/comments?post=22517"}],"version-history":[{"count":1,"href":"https:\/\/radiowebmx.com\/nota\/wp-json\/wp\/v2\/posts\/22517\/revisions"}],"predecessor-version":[{"id":22519,"href":"https:\/\/radiowebmx.com\/nota\/wp-json\/wp\/v2\/posts\/22517\/revisions\/22519"}],"wp:featuredmedia":[{"embeddable":true,"href":"https:\/\/radiowebmx.com\/nota\/wp-json\/wp\/v2\/media\/22518"}],"wp:attachment":[{"href":"https:\/\/radiowebmx.com\/nota\/wp-json\/wp\/v2\/media?parent=22517"}],"wp:term":[{"taxonomy":"category","embeddable":true,"href":"https:\/\/radiowebmx.com\/nota\/wp-json\/wp\/v2\/categories?post=22517"},{"taxonomy":"post_tag","embeddable":true,"href":"https:\/\/radiowebmx.com\/nota\/wp-json\/wp\/v2\/tags?post=22517"}],"curies":[{"name":"wp","href":"https:\/\/api.w.org\/{rel}","templated":true}]}}