{"id":22507,"date":"2016-04-04T13:38:51","date_gmt":"2016-04-04T18:38:51","guid":{"rendered":"https:\/\/radiowebmx.com\/nota\/?p=22507"},"modified":"2016-04-04T13:38:51","modified_gmt":"2016-04-04T18:38:51","slug":"arrancara-en-lazaro-cardenas-programa-el-congreso-en-tu-municipio-adriana-hernandez","status":"publish","type":"post","link":"https:\/\/radiowebmx.com\/nota\/arrancara-en-lazaro-cardenas-programa-el-congreso-en-tu-municipio-adriana-hernandez\/","title":{"rendered":"Arrancar\u00e1 en L\u00e1zaro C\u00e1rdenas, programa El Congreso en tu Municipio: Adriana Hern\u00e1ndez"},"content":{"rendered":"<div class=\"x_gmail_quote\">\n<div dir=\"ltr\">\n<p class=\"x_MsoNormal\"><span lang=\"ES-TRAD\"><a href=\"https:\/\/radiowebmx.com\/nota\/wp-content\/uploads\/2016\/04\/DSC_7475.jpg\"><img loading=\"lazy\" decoding=\"async\" class=\"alignleft size-full wp-image-22508\" src=\"https:\/\/radiowebmx.com\/nota\/wp-content\/uploads\/2016\/04\/DSC_7475.jpg\" alt=\"DSC_7475\" width=\"591\" height=\"394\" srcset=\"https:\/\/radiowebmx.com\/nota\/wp-content\/uploads\/2016\/04\/DSC_7475.jpg 591w, https:\/\/radiowebmx.com\/nota\/wp-content\/uploads\/2016\/04\/DSC_7475-300x200.jpg 300w\" sizes=\"auto, (max-width: 591px) 100vw, 591px\" \/><\/a>Esta semana, el Grupo Parlamentario del Partido Revolucionario Institucional en el Congreso, arranca el programa denominado El Congreso en tu municipio, en el que se realizar\u00e1n diversas actividades en cada una de las cabeceras distritales, anunci\u00f3 la diputada Adriana Hern\u00e1ndez \u00cd\u00f1iguez.<\/span><\/p>\n<p class=\"x_MsoNormal\"><span lang=\"ES-TRAD\">La coordinadora de los diputados del tricolor puntualiz\u00f3 que estas acciones se desarrollar\u00e1n durante los d\u00edas viernes y s\u00e1bado y entre ellas se incluyen reuniones con sectores estrat\u00e9gicos, impartici\u00f3n de talleres y brigadas de atenci\u00f3n ciudadana.<\/span><\/p>\n<p class=\"x_MsoNormal\"><span lang=\"ES-TRAD\">Estableci\u00f3 que a trav\u00e9s de este programa, se busca mantener un contacto m\u00e1s cercano con la ciudadan\u00eda del estado y con los funcionarios p\u00fablicos de los tres \u00f3rdenes de gobierno en los municipios, para consolidar el enfoque social que deben tener las acciones legislativas de los integrantes del Congreso.<\/span><\/p>\n<p class=\"x_MsoNormal\"><span lang=\"ES-TRAD\">Hern\u00e1ndez \u00cd\u00f1iguez dio a conocer que se impartir\u00e1n diversos talleres de empoderamiento para mujeres y hombres j\u00f3venes, lideresas sociales y pol\u00edticas de las \u00e1reas poblacionales de los respectivos distritos electorales con grupos de 40 a 50 personas.<\/span><\/p>\n<p class=\"x_MsoNormal\"><span lang=\"ES-TRAD\">Brigada de Atenci\u00f3n Ciudadana, con diversos servicios asistenciales, se adecuar\u00e1n a las necesidades m\u00e1s sentidas de los n\u00facleos poblacionales de que se trate y se llevar\u00e1n a cabo los d\u00edas s\u00e1bado en plazas p\u00fablicas principal o cualquier otro espacio p\u00fablico visible, con asistencia es abierta.<\/span><\/p>\n<p class=\"x_MsoNormal\"><span lang=\"ES-TRAD\">La legisladora por La Piedad, anunci\u00f3 finalmente que el pr\u00f3ximo fin de semana, dicho programa habr\u00e1 de llevarse a cabo en la cabecera distrital de L\u00e1zaro C\u00e1rdenas, donde la diputada Elo\u00edsa Berber Zerme\u00f1o se encargar\u00e1 de encabezar la organizaci\u00f3n del mismo.<\/span><\/p>\n<\/div>\n<\/div>\n<p>&nbsp;<\/p>\n","protected":false},"excerpt":{"rendered":"<p>Esta semana, el Grupo Parlamentario del Partido Revolucionario Institucional en el Congreso, arranca el programa denominado El Congreso en tu municipio, <\/p>\n","protected":false},"author":1,"featured_media":22508,"comment_status":"open","ping_status":"open","sticky":false,"template":"","format":"standard","meta":{"footnotes":""},"categories":[6,14,7],"tags":[],"class_list":["post-22507","post","type-post","status-publish","format-standard","has-post-thumbnail","hentry","category-congreso-del-estado","category-destacadas","category-grupo-parlamentario-del-pri"],"_links":{"self":[{"href":"https:\/\/radiowebmx.com\/nota\/wp-json\/wp\/v2\/posts\/22507","targetHints":{"allow":["GET"]}}],"collection":[{"href":"https:\/\/radiowebmx.com\/nota\/wp-json\/wp\/v2\/posts"}],"about":[{"href":"https:\/\/radiowebmx.com\/nota\/wp-json\/wp\/v2\/types\/post"}],"author":[{"embeddable":true,"href":"https:\/\/radiowebmx.com\/nota\/wp-json\/wp\/v2\/users\/1"}],"replies":[{"embeddable":true,"href":"https:\/\/radiowebmx.com\/nota\/wp-json\/wp\/v2\/comments?post=22507"}],"version-history":[{"count":1,"href":"https:\/\/radiowebmx.com\/nota\/wp-json\/wp\/v2\/posts\/22507\/revisions"}],"predecessor-version":[{"id":22509,"href":"https:\/\/radiowebmx.com\/nota\/wp-json\/wp\/v2\/posts\/22507\/revisions\/22509"}],"wp:featuredmedia":[{"embeddable":true,"href":"https:\/\/radiowebmx.com\/nota\/wp-json\/wp\/v2\/media\/22508"}],"wp:attachment":[{"href":"https:\/\/radiowebmx.com\/nota\/wp-json\/wp\/v2\/media?parent=22507"}],"wp:term":[{"taxonomy":"category","embeddable":true,"href":"https:\/\/radiowebmx.com\/nota\/wp-json\/wp\/v2\/categories?post=22507"},{"taxonomy":"post_tag","embeddable":true,"href":"https:\/\/radiowebmx.com\/nota\/wp-json\/wp\/v2\/tags?post=22507"}],"curies":[{"name":"wp","href":"https:\/\/api.w.org\/{rel}","templated":true}]}}