{"id":22504,"date":"2016-04-04T13:29:43","date_gmt":"2016-04-04T18:29:43","guid":{"rendered":"https:\/\/radiowebmx.com\/nota\/?p=22504"},"modified":"2016-04-04T13:29:43","modified_gmt":"2016-04-04T18:29:43","slug":"inicia-etapa-de-fortalecimiento-partidista-wilfrido-lazaro","status":"publish","type":"post","link":"https:\/\/radiowebmx.com\/nota\/inicia-etapa-de-fortalecimiento-partidista-wilfrido-lazaro\/","title":{"rendered":"Inicia etapa de fortalecimiento partidista: Wilfrido L\u00e1zaro"},"content":{"rendered":"<p><a href=\"https:\/\/radiowebmx.com\/nota\/wp-content\/uploads\/2016\/04\/DSC_7374.jpg\"><img loading=\"lazy\" decoding=\"async\" class=\"alignleft size-full wp-image-22505\" src=\"https:\/\/radiowebmx.com\/nota\/wp-content\/uploads\/2016\/04\/DSC_7374.jpg\" alt=\"DSC_7374\" width=\"591\" height=\"503\" srcset=\"https:\/\/radiowebmx.com\/nota\/wp-content\/uploads\/2016\/04\/DSC_7374.jpg 591w, https:\/\/radiowebmx.com\/nota\/wp-content\/uploads\/2016\/04\/DSC_7374-300x255.jpg 300w\" sizes=\"auto, (max-width: 591px) 100vw, 591px\" \/><\/a>Con la nueva dirigencia del Comit\u00e9 Directivo Estatal del Partido Revolucionario Institucional en Michoac\u00e1n, encabezada por V\u00edctor Silva y Rosy Miranda, los pri\u00edstas estamos listos para esta nueva etapa de fortalecimiento del partido, afirm\u00f3 el diputado Wilfrido L\u00e1zaro, al ser entrevistado en el marco de la Asamblea de Consejeros en la que se formaliz\u00f3 su elecci\u00f3n.<\/p>\n<p>\u201cHoy tenemos dirigencia estatal del PRI sustentada en los estatutos de nuestro partido\u201d, sostuvo el tambi\u00e9n ex presidente municipal de Morelia, quien ofreci\u00f3 trabajo y colaboraci\u00f3n como priista, con la lealtad que \u2013dijo- \u201cnos caracteriza hacia nuestro Instituto Pol\u00edtico\u201d.<\/p>\n<p>Consider\u00f3 que se avecina un trabajo intenso, porque se ocupa unificar a todos los verdaderos priistas, \u201ca quienes vemos en nuestro partido el instrumento m\u00e1s valioso para el servicio a los dem\u00e1s; el espacio para el debate profundo de las ideas, que despu\u00e9s sean acciones eficientes para los cambios estructurales que ocupan Michoac\u00e1n y M\u00e9xico.<\/p>\n<p>L\u00e1zaro Medina destac\u00f3 que este evento simboliza el inicio del camino hacia la recuperaci\u00f3n de la confianza ciudadana en Michoac\u00e1n, como el partido m\u00e1s serio y experimentado de esta naci\u00f3n, como el partido que ha construido la paz y el desarrollo por muchas d\u00e9cadas.<\/p>\n<p>Dijo que ha dialogado con el Presidente V\u00edctor Silva, a quien le ofreci\u00f3 la garant\u00eda de una participaci\u00f3n y firme convicci\u00f3n que siempre ha estado a la vista para, con toda energ\u00eda y seriedad, seguir dando notas de orgullo partidista y \u201charemos lo necesario para que la congruencia hable por nosotros\u201d, finaliz\u00f3.<\/p>\n","protected":false},"excerpt":{"rendered":"<p>Con la nueva dirigencia del Comit\u00e9 Directivo Estatal del Partido Revolucionario Institucional en Michoac\u00e1n, encabezada por V\u00edctor Silva y Rosy Miranda, los pri\u00edstas estamos listos para esta nueva etapa de fortalecimiento del partido, afirm\u00f3 el diputado Wilfrido L\u00e1zaro,<\/p>\n","protected":false},"author":1,"featured_media":22505,"comment_status":"open","ping_status":"open","sticky":false,"template":"","format":"standard","meta":{"footnotes":""},"categories":[6,14,7],"tags":[],"class_list":["post-22504","post","type-post","status-publish","format-standard","has-post-thumbnail","hentry","category-congreso-del-estado","category-destacadas","category-grupo-parlamentario-del-pri"],"_links":{"self":[{"href":"https:\/\/radiowebmx.com\/nota\/wp-json\/wp\/v2\/posts\/22504","targetHints":{"allow":["GET"]}}],"collection":[{"href":"https:\/\/radiowebmx.com\/nota\/wp-json\/wp\/v2\/posts"}],"about":[{"href":"https:\/\/radiowebmx.com\/nota\/wp-json\/wp\/v2\/types\/post"}],"author":[{"embeddable":true,"href":"https:\/\/radiowebmx.com\/nota\/wp-json\/wp\/v2\/users\/1"}],"replies":[{"embeddable":true,"href":"https:\/\/radiowebmx.com\/nota\/wp-json\/wp\/v2\/comments?post=22504"}],"version-history":[{"count":1,"href":"https:\/\/radiowebmx.com\/nota\/wp-json\/wp\/v2\/posts\/22504\/revisions"}],"predecessor-version":[{"id":22506,"href":"https:\/\/radiowebmx.com\/nota\/wp-json\/wp\/v2\/posts\/22504\/revisions\/22506"}],"wp:featuredmedia":[{"embeddable":true,"href":"https:\/\/radiowebmx.com\/nota\/wp-json\/wp\/v2\/media\/22505"}],"wp:attachment":[{"href":"https:\/\/radiowebmx.com\/nota\/wp-json\/wp\/v2\/media?parent=22504"}],"wp:term":[{"taxonomy":"category","embeddable":true,"href":"https:\/\/radiowebmx.com\/nota\/wp-json\/wp\/v2\/categories?post=22504"},{"taxonomy":"post_tag","embeddable":true,"href":"https:\/\/radiowebmx.com\/nota\/wp-json\/wp\/v2\/tags?post=22504"}],"curies":[{"name":"wp","href":"https:\/\/api.w.org\/{rel}","templated":true}]}}