{"id":22495,"date":"2016-04-04T12:37:15","date_gmt":"2016-04-04T17:37:15","guid":{"rendered":"https:\/\/radiowebmx.com\/nota\/?p=22495"},"modified":"2016-04-04T12:37:15","modified_gmt":"2016-04-04T17:37:15","slug":"inicia-cofom-investigacion-por-incendio-forestal-en-el-cerro-del-quinceo","status":"publish","type":"post","link":"https:\/\/radiowebmx.com\/nota\/inicia-cofom-investigacion-por-incendio-forestal-en-el-cerro-del-quinceo\/","title":{"rendered":"Inicia Cofom investigaci\u00f3n por incendio forestal en el cerro del Quinceo"},"content":{"rendered":"<figure id=\"attachment_22496\" aria-describedby=\"caption-attachment-22496\" style=\"width: 591px\" class=\"wp-caption alignleft\"><a href=\"https:\/\/radiowebmx.com\/nota\/wp-content\/uploads\/2016\/04\/e1308baf-843a-49a9-a91b-3a37ce9369e7.jpg\"><img loading=\"lazy\" decoding=\"async\" class=\"size-full wp-image-22496\" src=\"https:\/\/radiowebmx.com\/nota\/wp-content\/uploads\/2016\/04\/e1308baf-843a-49a9-a91b-3a37ce9369e7.jpg\" alt=\"SONY DSC\" width=\"591\" height=\"333\" srcset=\"https:\/\/radiowebmx.com\/nota\/wp-content\/uploads\/2016\/04\/e1308baf-843a-49a9-a91b-3a37ce9369e7.jpg 591w, https:\/\/radiowebmx.com\/nota\/wp-content\/uploads\/2016\/04\/e1308baf-843a-49a9-a91b-3a37ce9369e7-300x169.jpg 300w, https:\/\/radiowebmx.com\/nota\/wp-content\/uploads\/2016\/04\/e1308baf-843a-49a9-a91b-3a37ce9369e7-128x72.jpg 128w\" sizes=\"auto, (max-width: 591px) 100vw, 591px\" \/><\/a><figcaption id=\"caption-attachment-22496\" class=\"wp-caption-text\">SONY DSC<\/figcaption><\/figure>\n<p>Personal t\u00e9cnico especializado de la Comisi\u00f3n Forestal del Estado, inici\u00f3 en campo las tareas de investigaci\u00f3n para determinar las causas del incendio forestal que se present\u00f3 la semana pasada en el cerro del Quinceo y que afect\u00f3 alrededor de 357 hect\u00e1reas.<\/p>\n<p>Una vez concluidas las indagatorias, el parte ser\u00e1 turnado a la Fiscal\u00eda Especializada en Delitos Ambientales de la Procuradur\u00eda General de Justicia del Estado para deslindar responsabilidades, y aplicar las sanciones correspondientes contempladas en las leyes ambientales y forestales.<\/p>\n<p>El director general de la Cofom, Roberto P\u00e9rez Medrano, encabez\u00f3 las tareas de evaluaci\u00f3n del da\u00f1o ocasionado en la zona norponiente de Morelia por este siniestro, el cual se presenta de manera recurrente ante la intenci\u00f3n de cambio de uso de suelo para urbanizaci\u00f3n o siembra de cultivos no aptos para el sitio.<\/p>\n<p>P\u00e9rez Medrano enfatiz\u00f3 que en Michoac\u00e1n habr\u00e1 cero tolerancia no solo a la tala clandestina, sino tambi\u00e9n a todas aquellas acciones que pretendan lesionar los recursos forestales.<\/p>\n<p>Resalt\u00f3 que en especial en el cerro del Quinceo en cada temporada de estiaje es com\u00fan que se presenten quemas para incidir en el cambio de suelo, cuya pr\u00e1ctica en la mayor\u00eda de las ocasiones no es reportada a las autoridades.<\/p>\n<p>Manifest\u00f3 que el Gobernador Silvano Aureoles Conejo ha girado instrucciones para que se implementen acciones en contra de quien o quienes atenten de manera ilegal contra los recursos naturales, \u201cy en eso estamos trabajando\u201d.<\/p>\n<p>En lo que se refiere a las acciones de combate y prevenci\u00f3n de los incendios forestales, P\u00e9rez Medrano destac\u00f3 la coordinaci\u00f3n y trabajo entre los tres \u00e1mbitos de gobierno, y de manera preponderante con la Comisi\u00f3n Nacional Forestal que en todo momento destina apoyos para atender las contingencias mediante la operatividad del Mando Unificado.<\/p>\n<p>Asimismo, el titular de la Cofom, resalt\u00f3 que de los siniestros, un 47 por ciento son derivados de actividades agropecuarias, un 20 por ciento ante el cambio de uso de suelo, un 17 por ciento por fumadores que arrojan las colillas de cigarro en \u00e1reas forestales o de matorrales, y un 12 por ciento por fogatas que se salen de control, entre otras.<\/p>\n","protected":false},"excerpt":{"rendered":"<p>Personal t\u00e9cnico especializado de la Comisi\u00f3n Forestal del Estado, inici\u00f3 en campo las tareas de investigaci\u00f3n para determinar las causas del incendio forestal que se present\u00f3 la semana pasada en el cerro del Quinceo y que afect\u00f3 alrededor de 357 hect\u00e1reas.<\/p>\n","protected":false},"author":1,"featured_media":22496,"comment_status":"open","ping_status":"open","sticky":false,"template":"","format":"standard","meta":{"footnotes":""},"categories":[14,3],"tags":[],"class_list":["post-22495","post","type-post","status-publish","format-standard","has-post-thumbnail","hentry","category-destacadas","category-gobierno-del-estado-de-michoacan"],"_links":{"self":[{"href":"https:\/\/radiowebmx.com\/nota\/wp-json\/wp\/v2\/posts\/22495","targetHints":{"allow":["GET"]}}],"collection":[{"href":"https:\/\/radiowebmx.com\/nota\/wp-json\/wp\/v2\/posts"}],"about":[{"href":"https:\/\/radiowebmx.com\/nota\/wp-json\/wp\/v2\/types\/post"}],"author":[{"embeddable":true,"href":"https:\/\/radiowebmx.com\/nota\/wp-json\/wp\/v2\/users\/1"}],"replies":[{"embeddable":true,"href":"https:\/\/radiowebmx.com\/nota\/wp-json\/wp\/v2\/comments?post=22495"}],"version-history":[{"count":1,"href":"https:\/\/radiowebmx.com\/nota\/wp-json\/wp\/v2\/posts\/22495\/revisions"}],"predecessor-version":[{"id":22497,"href":"https:\/\/radiowebmx.com\/nota\/wp-json\/wp\/v2\/posts\/22495\/revisions\/22497"}],"wp:featuredmedia":[{"embeddable":true,"href":"https:\/\/radiowebmx.com\/nota\/wp-json\/wp\/v2\/media\/22496"}],"wp:attachment":[{"href":"https:\/\/radiowebmx.com\/nota\/wp-json\/wp\/v2\/media?parent=22495"}],"wp:term":[{"taxonomy":"category","embeddable":true,"href":"https:\/\/radiowebmx.com\/nota\/wp-json\/wp\/v2\/categories?post=22495"},{"taxonomy":"post_tag","embeddable":true,"href":"https:\/\/radiowebmx.com\/nota\/wp-json\/wp\/v2\/tags?post=22495"}],"curies":[{"name":"wp","href":"https:\/\/api.w.org\/{rel}","templated":true}]}}