{"id":22483,"date":"2016-04-04T12:25:50","date_gmt":"2016-04-04T17:25:50","guid":{"rendered":"https:\/\/radiowebmx.com\/nota\/?p=22483"},"modified":"2016-04-04T12:25:50","modified_gmt":"2016-04-04T17:25:50","slug":"alumnos-y-docentes-del-cobaem-se-preparan-para-la-prueba-planea","status":"publish","type":"post","link":"https:\/\/radiowebmx.com\/nota\/alumnos-y-docentes-del-cobaem-se-preparan-para-la-prueba-planea\/","title":{"rendered":"Alumnos y docentes del Cobaem se preparan para la prueba PLANEA"},"content":{"rendered":"<p><a href=\"https:\/\/radiowebmx.com\/nota\/wp-content\/uploads\/2016\/04\/c6c2f0d8-1327-4ef6-ae0f-a34fbe795393.jpg\"><img loading=\"lazy\" decoding=\"async\" class=\"alignleft  wp-image-22484\" src=\"https:\/\/radiowebmx.com\/nota\/wp-content\/uploads\/2016\/04\/c6c2f0d8-1327-4ef6-ae0f-a34fbe795393.jpg\" alt=\"c6c2f0d8-1327-4ef6-ae0f-a34fbe795393\" width=\"647\" height=\"329\" \/><\/a><\/p>\n<p>Por ello, se llevan a cabo distintas acciones con el fin de informar y capacitar a docentes y alumnos de acuerdo con los lineamientos del Instituto Nacional para la Evaluaci\u00f3n de la Educaci\u00f3n (INEE).<\/p>\n<p>El director general del Cobaem, Alejandro Bustos Aguilar, record\u00f3 que los principales objetivos de la prueba PLANEA son conocer la medida en que los alumnos logran un dominio de un conjunto de aprendizajes esenciales, adem\u00e1s de ofrecer informaci\u00f3n contextualizada para la mejora de los procesos de ense\u00f1anza e informar a la sociedad sobre el estado que guarda la educaci\u00f3n.<\/p>\n<p>Bustos Aguilar invit\u00f3 a las y los alumnos del Cobaem a prepararse y presentar la prueba de la mejor manera, ya que es una forma de dejar huella de sus propios logros.<\/p>\n<p>&#8220;Los resultados de las evaluaciones de PLANEA servir\u00e1n para la mejora educativa, ya que aportar\u00e1n a las autoridades educativas la informaci\u00f3n relevante y utilizable para el monitoreo, planeaci\u00f3n, programaci\u00f3n y operaci\u00f3n del sistema educativo y sus centros escolares&#8221;, indic\u00f3 el director general del Cobaem.<\/p>\n<p>Cabe mencionar que la prueba se caracteriza por ser objetiva y estandarizada en dos secciones: Lenguaje y Comunicaci\u00f3n, donde se incluyen pruebas de cuatro tipos de textos para evaluar los procesos de extracci\u00f3n, interpretaci\u00f3n y reflexi\u00f3n; y Matem\u00e1ticas, donde se eval\u00faan los procesos de reproducci\u00f3n, conexi\u00f3n y reflexi\u00f3n en los contenidos matem\u00e1ticos de cantidad, cambios y relaciones, espacio y forma.<\/p>\n","protected":false},"excerpt":{"rendered":"<p>El Cobaem prepara a m\u00e1s de 10 mil estudiantes del sexto semestre que realizar\u00e1n la Prueba del Plan Nacional para la Evaluaci\u00f3n de los Aprendizajes (PLANEA) 2016 en educaci\u00f3n media superior, que se aplicar\u00e1 a nivel nacional del 12 al 14 de abril.<\/p>\n","protected":false},"author":1,"featured_media":22484,"comment_status":"open","ping_status":"open","sticky":false,"template":"","format":"standard","meta":{"footnotes":""},"categories":[14,3],"tags":[],"class_list":["post-22483","post","type-post","status-publish","format-standard","has-post-thumbnail","hentry","category-destacadas","category-gobierno-del-estado-de-michoacan"],"_links":{"self":[{"href":"https:\/\/radiowebmx.com\/nota\/wp-json\/wp\/v2\/posts\/22483","targetHints":{"allow":["GET"]}}],"collection":[{"href":"https:\/\/radiowebmx.com\/nota\/wp-json\/wp\/v2\/posts"}],"about":[{"href":"https:\/\/radiowebmx.com\/nota\/wp-json\/wp\/v2\/types\/post"}],"author":[{"embeddable":true,"href":"https:\/\/radiowebmx.com\/nota\/wp-json\/wp\/v2\/users\/1"}],"replies":[{"embeddable":true,"href":"https:\/\/radiowebmx.com\/nota\/wp-json\/wp\/v2\/comments?post=22483"}],"version-history":[{"count":1,"href":"https:\/\/radiowebmx.com\/nota\/wp-json\/wp\/v2\/posts\/22483\/revisions"}],"predecessor-version":[{"id":22485,"href":"https:\/\/radiowebmx.com\/nota\/wp-json\/wp\/v2\/posts\/22483\/revisions\/22485"}],"wp:featuredmedia":[{"embeddable":true,"href":"https:\/\/radiowebmx.com\/nota\/wp-json\/wp\/v2\/media\/22484"}],"wp:attachment":[{"href":"https:\/\/radiowebmx.com\/nota\/wp-json\/wp\/v2\/media?parent=22483"}],"wp:term":[{"taxonomy":"category","embeddable":true,"href":"https:\/\/radiowebmx.com\/nota\/wp-json\/wp\/v2\/categories?post=22483"},{"taxonomy":"post_tag","embeddable":true,"href":"https:\/\/radiowebmx.com\/nota\/wp-json\/wp\/v2\/tags?post=22483"}],"curies":[{"name":"wp","href":"https:\/\/api.w.org\/{rel}","templated":true}]}}