{"id":22480,"date":"2016-04-04T12:22:47","date_gmt":"2016-04-04T17:22:47","guid":{"rendered":"https:\/\/radiowebmx.com\/nota\/?p=22480"},"modified":"2016-04-04T12:22:47","modified_gmt":"2016-04-04T17:22:47","slug":"tercera-feria-internacional-de-la-pirotecnia-2016","status":"publish","type":"post","link":"https:\/\/radiowebmx.com\/nota\/tercera-feria-internacional-de-la-pirotecnia-2016\/","title":{"rendered":"Tercera Feria Internacional de la Pirotecnia 2016"},"content":{"rendered":"<p dir=\"ltr\"><a href=\"https:\/\/radiowebmx.com\/nota\/wp-content\/uploads\/2016\/04\/af305fa4-7bd6-4916-ba5b-9007a8a67edc.jpg\"><img loading=\"lazy\" decoding=\"async\" class=\"alignleft size-full wp-image-22481\" src=\"https:\/\/radiowebmx.com\/nota\/wp-content\/uploads\/2016\/04\/af305fa4-7bd6-4916-ba5b-9007a8a67edc.jpg\" alt=\"af305fa4-7bd6-4916-ba5b-9007a8a67edc\" width=\"591\" height=\"300\" srcset=\"https:\/\/radiowebmx.com\/nota\/wp-content\/uploads\/2016\/04\/af305fa4-7bd6-4916-ba5b-9007a8a67edc.jpg 591w, https:\/\/radiowebmx.com\/nota\/wp-content\/uploads\/2016\/04\/af305fa4-7bd6-4916-ba5b-9007a8a67edc-300x152.jpg 300w\" sizes=\"auto, (max-width: 591px) 100vw, 591px\" \/><\/a>En el marco de la Tercera Feria Internacional de la Pirotecnia 2016, el titular de la Secretar\u00eda de Desarrollo Econ\u00f3mico, Antonio Soto S\u00e1nchez, refrend\u00f3 el compromiso del Gobierno del Estado, encabezado por Silvano Aureoles Conejo, para potenciar el desarrollo de la industria pirot\u00e9cnica en la entidad con miras a su exportaci\u00f3n.\n<\/p>\n<p dir=\"ltr\">Con la representaci\u00f3n del titular de Poder Ejecutivo, el funcionario estatal destac\u00f3 la participaci\u00f3n de empresas provenientes de Francia y Suecia, as\u00ed como la calidad y variedad de los productos\u00a0 ofertados por los piroartesanos mexicanos que llegaron a Michoac\u00e1n procedentes del Estado de M\u00e9xico, San Luis Potos\u00ed, Hidalgo, Baja California y Zacatecas, a fin de mostrar y comercializar el arte de transformar los productos qu\u00edmicos en fuegos artificiales.<\/p>\n<p dir=\"ltr\">\n&#8220;El Gobierno encabezado por Silvano Aureoles apoya toda actividad productiva que genere empleos, es su instrucci\u00f3n que trabajemos de cerca con los Presidentes Municipales de cada regi\u00f3n para integrar los expedientes y proyectos necesarios que permitan el desarrollo integral de Michoac\u00e1n&#8221;, mencion\u00f3 Soto S\u00e1nchez minutos antes de realizar la entrega de equipos de c\u00f3mputo y sillas de ruedas al Ayuntamiento de Indaparapeo.\n<\/p>\n<p dir=\"ltr\">El secretario Soto S\u00e1nchez refiri\u00f3 que en el evento de tres d\u00edas habr\u00e1 exposiciones de pirotecnia, piromusicales, expresiones culturales, muestra gastron\u00f3mica, presentaci\u00f3n de bandas y eventos art\u00edsticos con la participaci\u00f3n de diversos municipios del estado, as\u00ed como Toritos de Petate de Charo e Indaparapeo.<\/p>\n<p dir=\"ltr\">\nEl responsable de la pol\u00edtica econ\u00f3mica en Michoac\u00e1n presidi\u00f3 el acto inaugural y el corte de list\u00f3n que fue el pre\u00e1mbulo para la explosi\u00f3n de luz, color y sonido que los participantes prepararon para deleite de los asistentes.<\/p>\n","protected":false},"excerpt":{"rendered":"<p>En el marco de la Tercera Feria Internacional de la Pirotecnia 2016, el titular de la Secretar\u00eda de Desarrollo Econ\u00f3mico, Antonio Soto S\u00e1nchez, refrend\u00f3 el compromiso del Gobierno del Estado, <\/p>\n","protected":false},"author":1,"featured_media":22481,"comment_status":"open","ping_status":"open","sticky":false,"template":"","format":"standard","meta":{"footnotes":""},"categories":[14,3],"tags":[],"class_list":["post-22480","post","type-post","status-publish","format-standard","has-post-thumbnail","hentry","category-destacadas","category-gobierno-del-estado-de-michoacan"],"_links":{"self":[{"href":"https:\/\/radiowebmx.com\/nota\/wp-json\/wp\/v2\/posts\/22480","targetHints":{"allow":["GET"]}}],"collection":[{"href":"https:\/\/radiowebmx.com\/nota\/wp-json\/wp\/v2\/posts"}],"about":[{"href":"https:\/\/radiowebmx.com\/nota\/wp-json\/wp\/v2\/types\/post"}],"author":[{"embeddable":true,"href":"https:\/\/radiowebmx.com\/nota\/wp-json\/wp\/v2\/users\/1"}],"replies":[{"embeddable":true,"href":"https:\/\/radiowebmx.com\/nota\/wp-json\/wp\/v2\/comments?post=22480"}],"version-history":[{"count":1,"href":"https:\/\/radiowebmx.com\/nota\/wp-json\/wp\/v2\/posts\/22480\/revisions"}],"predecessor-version":[{"id":22482,"href":"https:\/\/radiowebmx.com\/nota\/wp-json\/wp\/v2\/posts\/22480\/revisions\/22482"}],"wp:featuredmedia":[{"embeddable":true,"href":"https:\/\/radiowebmx.com\/nota\/wp-json\/wp\/v2\/media\/22481"}],"wp:attachment":[{"href":"https:\/\/radiowebmx.com\/nota\/wp-json\/wp\/v2\/media?parent=22480"}],"wp:term":[{"taxonomy":"category","embeddable":true,"href":"https:\/\/radiowebmx.com\/nota\/wp-json\/wp\/v2\/categories?post=22480"},{"taxonomy":"post_tag","embeddable":true,"href":"https:\/\/radiowebmx.com\/nota\/wp-json\/wp\/v2\/tags?post=22480"}],"curies":[{"name":"wp","href":"https:\/\/api.w.org\/{rel}","templated":true}]}}