{"id":22440,"date":"2016-04-01T14:45:22","date_gmt":"2016-04-01T20:45:22","guid":{"rendered":"https:\/\/radiowebmx.com\/nota\/?p=22440"},"modified":"2016-04-01T14:45:22","modified_gmt":"2016-04-01T20:45:22","slug":"el-gobierno-del-estado-entrega-en-tiempo-y-forma-la-cuenta-publica-2015","status":"publish","type":"post","link":"https:\/\/radiowebmx.com\/nota\/el-gobierno-del-estado-entrega-en-tiempo-y-forma-la-cuenta-publica-2015\/","title":{"rendered":"El Gobierno del Estado entrega en tiempo y forma la Cuenta P\u00fablica 2015"},"content":{"rendered":"<p>El titular de la Secretar\u00eda de Finanzas y Administraci\u00f3n (SFA), Carlos Maldonado Mendoza, entreg\u00f3 al Congreso del Estado la Cuenta P\u00fablica Estatal del ejercicio fiscal del a\u00f1o 2015, que contiene la situaci\u00f3n que guardan las finanzas p\u00fablicas estatales y con lo que el Gobierno que encabeza Silvano Aureoles Conejo, cumple cabalmente con lo dispuesto en el art\u00edculo 60 fracci\u00f3n VIII de la Constituci\u00f3n Pol\u00edtica del Estado Libre y Soberano de Michoac\u00e1n de Ocampo.<\/p>\n<p>\u201cEsto no s\u00f3lo se constituye como un referente en la rendici\u00f3n de cuentas por mandato constitucional, sino que tambi\u00e9n es una forma de que la sociedad conozca la situaci\u00f3n financiera del estado, con lo cual se fortalece la cultura de la rendici\u00f3n de cuentas y la pr\u00e1ctica cotidiana de la transparencia en la gesti\u00f3n p\u00fablica\u201d, subray\u00f3 el funcionario estatal.<\/p>\n<p>En este marco, Maldonado Mendoza destac\u00f3 que entre octubre y diciembre de 2015 el Gobernador Silvano Aureoles Conejo realiz\u00f3 y concret\u00f3 gestiones que representaron el 73 por ciento de todos los recursos federales extraordinarios que llegaron a la entidad durante ese ejercicio fiscal.<\/p>\n<p>Precis\u00f3 que los estados financieros que forman parte de esta Cuenta P\u00fablica corresponden a los cuatro trimestres que integran el a\u00f1o terminado el 31 de diciembre de 2015; los tres primeros corresponden a la gesti\u00f3n de Gobierno que concluy\u00f3\u00a0el 30 de septiembre de 2015, y el cuarto trimestre corresponde a la gesti\u00f3n de Gobierno que inici\u00f3 el 1 de octubre de 2015, que encabeza Silvano Aureoles Conejo.<\/p>\n<p>En este sentido, el titular de la SFA hizo notar que la responsabilidad del actual Gobierno en las operaciones y acciones realizadas comenz\u00f3 a partir del 1 de octubre de 2015, por lo que las operaciones, informaci\u00f3n y registros anteriores a esta fecha son responsabilidad de la anterior administraci\u00f3n estatal.<\/p>\n","protected":false},"excerpt":{"rendered":"<p> El titular de la SFA, Carlos Maldonado Mendoza, entreg\u00f3 al Congreso del Estado la Cuenta P\u00fablica Estatal del ejercicio fiscal del a\u00f1o 2015,<\/p>\n","protected":false},"author":1,"featured_media":0,"comment_status":"open","ping_status":"open","sticky":false,"template":"","format":"standard","meta":{"footnotes":""},"categories":[3],"tags":[],"class_list":["post-22440","post","type-post","status-publish","format-standard","hentry","category-gobierno-del-estado-de-michoacan"],"_links":{"self":[{"href":"https:\/\/radiowebmx.com\/nota\/wp-json\/wp\/v2\/posts\/22440","targetHints":{"allow":["GET"]}}],"collection":[{"href":"https:\/\/radiowebmx.com\/nota\/wp-json\/wp\/v2\/posts"}],"about":[{"href":"https:\/\/radiowebmx.com\/nota\/wp-json\/wp\/v2\/types\/post"}],"author":[{"embeddable":true,"href":"https:\/\/radiowebmx.com\/nota\/wp-json\/wp\/v2\/users\/1"}],"replies":[{"embeddable":true,"href":"https:\/\/radiowebmx.com\/nota\/wp-json\/wp\/v2\/comments?post=22440"}],"version-history":[{"count":1,"href":"https:\/\/radiowebmx.com\/nota\/wp-json\/wp\/v2\/posts\/22440\/revisions"}],"predecessor-version":[{"id":22441,"href":"https:\/\/radiowebmx.com\/nota\/wp-json\/wp\/v2\/posts\/22440\/revisions\/22441"}],"wp:attachment":[{"href":"https:\/\/radiowebmx.com\/nota\/wp-json\/wp\/v2\/media?parent=22440"}],"wp:term":[{"taxonomy":"category","embeddable":true,"href":"https:\/\/radiowebmx.com\/nota\/wp-json\/wp\/v2\/categories?post=22440"},{"taxonomy":"post_tag","embeddable":true,"href":"https:\/\/radiowebmx.com\/nota\/wp-json\/wp\/v2\/tags?post=22440"}],"curies":[{"name":"wp","href":"https:\/\/api.w.org\/{rel}","templated":true}]}}