{"id":2244,"date":"2013-04-15T11:23:33","date_gmt":"2013-04-15T16:23:33","guid":{"rendered":"https:\/\/radiowebmx.com\/nota\/?p=2244"},"modified":"2013-04-15T11:28:55","modified_gmt":"2013-04-15T16:28:55","slug":"el-municipio-celula-basica-del-sistema-federal-mexicano-osorio-chong","status":"publish","type":"post","link":"https:\/\/radiowebmx.com\/nota\/el-municipio-celula-basica-del-sistema-federal-mexicano-osorio-chong\/","title":{"rendered":"EL MUNICIPIO CELULA B\u00c1SICA DEL SISTEMA FEDERAL MEXICANO. OSORIO CHONG"},"content":{"rendered":"<p><a href=\"https:\/\/radiowebmx.com\/nota\/wp-content\/uploads\/2013\/04\/DSC_0229.jpg\"><img loading=\"lazy\" decoding=\"async\" class=\"alignleft size-full wp-image-2247\" title=\"DSC_0229\" src=\"https:\/\/radiowebmx.com\/nota\/wp-content\/uploads\/2013\/04\/DSC_0229.jpg\" alt=\"\" width=\"591\" height=\"275\" \/><\/a>En el marco del Foro\u00a0 Especial con Presidentes Municipales que se llev\u00f3 a cabo en la capital del pa\u00eds y luego de que el Secretario de Gobernaci\u00f3n Miguel \u00c1ngel Osorio Chong estableci\u00f3 contundente que el municipio es la c\u00e9lula b\u00e1sica del sistema federal mexicano, el edil moreliano Wilfrido L\u00e1zaro Medina, coincidi\u00f3 al apuntar que las pol\u00edticas p\u00fablicas se deben confeccionar a partir de los municipios.<br \/>\nPara la elaboraci\u00f3n del Plan Nacional de Desarrollo 2013 \u2013 2018, la Secretaria de Gobernaci\u00f3n, convoc\u00f3 a 15 Presidentes Municipales de diferentes entidades federativas a fin de establecer los objetivos, las estrategias y las prioridades orientadas a incidir en los ejes de prosperidad, seguridad, educaci\u00f3n de calidad, inclusi\u00f3n y presencia global de M\u00e9xico que regir\u00e1n la actuaci\u00f3n de la actual administraci\u00f3n del gobierno federal.<br \/>\nEn este marco, el edil L\u00e1zaro Medina fue convocado a participar en la mesa de educaci\u00f3n de calidad donde destac\u00f3 la necesidad de que los municipios cuenten con mayores recursos para responden a las necesidades en esta materia; el\u00a0 resultado de esta mesa, se uni\u00f3 al resto de los temas donde surgieron coincidencias con el Secretario de Gobernaci\u00f3n eN especial, en el tema del federalismo.<br \/>\nDe esta manera, Osorio Chong fue claro al reconocer que el municipio, es la c\u00e9lula b\u00e1sica del sistema federal mexicano y es el gobierno de primer contacto con la sociedad y, en respuesta a la demanda de mayores apoyos, adelant\u00f3 que para 2014, los municipios podr\u00e1n contar con mayores recursos para hacer frente a las necesidades en materia de educaci\u00f3n.<br \/>\nAbund\u00f3 adem\u00e1s que, \u201cdebemos fortalecer a los municipios y en prevenci\u00f3n del delito, ya firmamos 32 acuerdos con estados, tenemos que apostarle a proyectos de corto mediano y largo plazo, la violencia no se combate con m\u00e1s violencia sino con acciones donde podamos como en una gran familia poder otorgar atenci\u00f3n personalizada para cubrir satisfactores y la educaci\u00f3n, es eje primordial\u201d se\u00f1al\u00f3.<\/p>\n<p>Precis\u00f3 adem\u00e1s que, este foro fue dise\u00f1ado para escuchar a los Presidentes Municipales y que la Secretar\u00eda de Gobernaci\u00f3n cuente con sus propuestas porque dijo tener la experiencia de que el municipio es la c\u00e9lula b\u00e1sica del sistema federal mexicano al recordar que fue Oficial Mayor de una administraci\u00f3n municipal en Pachuca, Hidalgo y conoce de que es, en este nivel de gobierno, donde se da la mayor cercan\u00eda con la poblaci\u00f3n, \u201centonces tenemos que darles todo el apoyo\u201d, remat\u00f3.<br \/>\nEn su momento, el edil Wilfrido L\u00e1zaro coment\u00f3 que, para los morelianos, es un honor formar parte del panel de la conformaci\u00f3n del plan nacional de desarrollo a partir de la visi\u00f3n de los Presidente Municipales y de la sociedad porque consider\u00f3 que, \u201ces lo que le va a dar certidumbre y certeza a las decisiones que tome el Presidente Enrique Pe\u00f1a Nieto, respecto a la confecci\u00f3n del Plan Nacional de Desarrollo 2013 -201\u201d.<br \/>\nRespecto a la mesa donde particip\u00f3 mencion\u00f3 que, \u201clos municipios estamos prestos a ayudar, somos el primer contacto con sociedad y ocupamos recursos, para hacerle frente al crecimiento y mantenimiento de infraestructura educativa, atender a los maestros, padres de familia y alumnos y creemos en la palabra del Secretario de Gobernaci\u00f3n de que se contar\u00e1 con mayores recursos para el pr\u00f3ximo a\u00f1o\u201d.<br \/>\nL\u00e1zaro Medina coment\u00f3 tambi\u00e9n, \u201cme da gusto que nos convoquen porque en educaci\u00f3n\u00a0 como en todos los sectores, coincidimos en que es el municipio el\u00a0 agente fundamental de contacto con la sociedad y es a partir de ah\u00ed, que se deben\u00a0 crear las pol\u00edticas p\u00fablicas; que sean las regiones quienes fortalezcan a la federaci\u00f3n y no a la inversa,\u00a0 el federalismo se da a partir de las regiones y municipios y no a la inversa y que lo reconozca el Secretario de Gobernaci\u00f3n, nos abre una esperanza de que los municipios sean m\u00e1s tomados en cuenta\u201d.<\/p>\n","protected":false},"excerpt":{"rendered":"<p>En el marco del Foro  Especial con Presidentes Municipales que se llev\u00f3 a cabo en la capital del pa\u00eds y luego de que el Secretario de Gobernaci\u00f3n Miguel \u00c1ngel Osorio Chong estableci\u00f3 contundente que el municipio es la c\u00e9lula b\u00e1sica del sistema federal mexicano, el edil moreliano Wilfrido L\u00e1zaro Medina, coincidi\u00f3 al apuntar que las pol\u00edticas p\u00fablicas se deben confeccionar a partir de los municipios.<\/p>\n","protected":false},"author":1,"featured_media":0,"comment_status":"open","ping_status":"open","sticky":false,"template":"","format":"standard","meta":{"footnotes":""},"categories":[14,9],"tags":[],"class_list":["post-2244","post","type-post","status-publish","format-standard","hentry","category-destacadas","category-morelia"],"_links":{"self":[{"href":"https:\/\/radiowebmx.com\/nota\/wp-json\/wp\/v2\/posts\/2244","targetHints":{"allow":["GET"]}}],"collection":[{"href":"https:\/\/radiowebmx.com\/nota\/wp-json\/wp\/v2\/posts"}],"about":[{"href":"https:\/\/radiowebmx.com\/nota\/wp-json\/wp\/v2\/types\/post"}],"author":[{"embeddable":true,"href":"https:\/\/radiowebmx.com\/nota\/wp-json\/wp\/v2\/users\/1"}],"replies":[{"embeddable":true,"href":"https:\/\/radiowebmx.com\/nota\/wp-json\/wp\/v2\/comments?post=2244"}],"version-history":[{"count":3,"href":"https:\/\/radiowebmx.com\/nota\/wp-json\/wp\/v2\/posts\/2244\/revisions"}],"predecessor-version":[{"id":2246,"href":"https:\/\/radiowebmx.com\/nota\/wp-json\/wp\/v2\/posts\/2244\/revisions\/2246"}],"wp:attachment":[{"href":"https:\/\/radiowebmx.com\/nota\/wp-json\/wp\/v2\/media?parent=2244"}],"wp:term":[{"taxonomy":"category","embeddable":true,"href":"https:\/\/radiowebmx.com\/nota\/wp-json\/wp\/v2\/categories?post=2244"},{"taxonomy":"post_tag","embeddable":true,"href":"https:\/\/radiowebmx.com\/nota\/wp-json\/wp\/v2\/tags?post=2244"}],"curies":[{"name":"wp","href":"https:\/\/api.w.org\/{rel}","templated":true}]}}