{"id":22417,"date":"2016-03-31T11:42:03","date_gmt":"2016-03-31T17:42:03","guid":{"rendered":"https:\/\/radiowebmx.com\/nota\/?p=22417"},"modified":"2016-03-31T11:42:03","modified_gmt":"2016-03-31T17:42:03","slug":"totalmente-sofocado-el-incendio-forestal-en-la-zona-de-la-monarca","status":"publish","type":"post","link":"https:\/\/radiowebmx.com\/nota\/totalmente-sofocado-el-incendio-forestal-en-la-zona-de-la-monarca\/","title":{"rendered":"Totalmente sofocado, el incendio forestal en la zona de la Monarca"},"content":{"rendered":"<p><a href=\"https:\/\/radiowebmx.com\/nota\/wp-content\/uploads\/2016\/03\/9b846960-5bd3-40fd-ba57-e20ca0fcf56f.jpg\"><img loading=\"lazy\" decoding=\"async\" class=\"alignleft size-full wp-image-22418\" src=\"https:\/\/radiowebmx.com\/nota\/wp-content\/uploads\/2016\/03\/9b846960-5bd3-40fd-ba57-e20ca0fcf56f.jpg\" alt=\"9b846960-5bd3-40fd-ba57-e20ca0fcf56f\" width=\"591\" height=\"319\" srcset=\"https:\/\/radiowebmx.com\/nota\/wp-content\/uploads\/2016\/03\/9b846960-5bd3-40fd-ba57-e20ca0fcf56f.jpg 591w, https:\/\/radiowebmx.com\/nota\/wp-content\/uploads\/2016\/03\/9b846960-5bd3-40fd-ba57-e20ca0fcf56f-300x162.jpg 300w\" sizes=\"auto, (max-width: 591px) 100vw, 591px\" \/><\/a>El incendio forestal que se suscit\u00f3 en el predio Bosque Dolores, perteneciente al ejido El Rosario, en el municipio de Ocampo, zona de amortiguamiento de la mariposa Monarca, fue totalmente sofocado, inform\u00f3 el director general de la Comisi\u00f3n Forestal del Estado de Michoac\u00e1n (Cofom), Roberto P\u00e9rez Medrano.<\/p>\n<p>El funcionario estatal precis\u00f3 que el siniestro afect\u00f3 1.5 hect\u00e1reas de arbustos y encineras, y detall\u00f3 que en las tareas de combate al fuego participaron dos brigadas de la Cofom y la Comisi\u00f3n Nacional Forestal (Conafor), adem\u00e1s de grupos de voluntarios.<\/p>\n<p>Puntualiz\u00f3 que no obstante que la conflagraci\u00f3n ya fue totalmente controlada, personal t\u00e9cnico operativo de combate al fuego se mantiene en alerta para atender alguna eventualidad.<\/p>\n<p>El director general de la Cofom, subray\u00f3 que, por instrucciones del Gobernador Silvano Aureoles Conejo se atender\u00e1 de inmediato cualquier incendio forestal que se registre en la geograf\u00eda michoacana.<\/p>\n<p>En este sentido, resalt\u00f3 la coordinaci\u00f3n entre los tres niveles de gobierno, elementos del Ej\u00e9rcito Mexicano, due\u00f1os y poseedores del bosque, as\u00ed como voluntarios para enfrentar en esta temporada de estiaje los incendios forestales.<\/p>\n","protected":false},"excerpt":{"rendered":"<p>El incendio forestal que se suscit\u00f3 en el predio Bosque Dolores, perteneciente al ejido El Rosario, en el municipio de Ocampo, zona de amortiguamiento de la mariposa Monarca, fue totalmente sofocado, <\/p>\n","protected":false},"author":1,"featured_media":22418,"comment_status":"open","ping_status":"open","sticky":false,"template":"","format":"standard","meta":{"footnotes":""},"categories":[14,3],"tags":[],"class_list":["post-22417","post","type-post","status-publish","format-standard","has-post-thumbnail","hentry","category-destacadas","category-gobierno-del-estado-de-michoacan"],"_links":{"self":[{"href":"https:\/\/radiowebmx.com\/nota\/wp-json\/wp\/v2\/posts\/22417","targetHints":{"allow":["GET"]}}],"collection":[{"href":"https:\/\/radiowebmx.com\/nota\/wp-json\/wp\/v2\/posts"}],"about":[{"href":"https:\/\/radiowebmx.com\/nota\/wp-json\/wp\/v2\/types\/post"}],"author":[{"embeddable":true,"href":"https:\/\/radiowebmx.com\/nota\/wp-json\/wp\/v2\/users\/1"}],"replies":[{"embeddable":true,"href":"https:\/\/radiowebmx.com\/nota\/wp-json\/wp\/v2\/comments?post=22417"}],"version-history":[{"count":1,"href":"https:\/\/radiowebmx.com\/nota\/wp-json\/wp\/v2\/posts\/22417\/revisions"}],"predecessor-version":[{"id":22419,"href":"https:\/\/radiowebmx.com\/nota\/wp-json\/wp\/v2\/posts\/22417\/revisions\/22419"}],"wp:featuredmedia":[{"embeddable":true,"href":"https:\/\/radiowebmx.com\/nota\/wp-json\/wp\/v2\/media\/22418"}],"wp:attachment":[{"href":"https:\/\/radiowebmx.com\/nota\/wp-json\/wp\/v2\/media?parent=22417"}],"wp:term":[{"taxonomy":"category","embeddable":true,"href":"https:\/\/radiowebmx.com\/nota\/wp-json\/wp\/v2\/categories?post=22417"},{"taxonomy":"post_tag","embeddable":true,"href":"https:\/\/radiowebmx.com\/nota\/wp-json\/wp\/v2\/tags?post=22417"}],"curies":[{"name":"wp","href":"https:\/\/api.w.org\/{rel}","templated":true}]}}