{"id":2240,"date":"2013-04-15T11:20:20","date_gmt":"2013-04-15T16:20:20","guid":{"rendered":"https:\/\/radiowebmx.com\/nota\/?p=2240"},"modified":"2013-04-15T11:20:20","modified_gmt":"2013-04-15T16:20:20","slug":"ofrece-sedru-implementar-nuevas-variedades-de-granos-para-amortiguar-los-efectos-de-la-falta-de-lluvia","status":"publish","type":"post","link":"https:\/\/radiowebmx.com\/nota\/ofrece-sedru-implementar-nuevas-variedades-de-granos-para-amortiguar-los-efectos-de-la-falta-de-lluvia\/","title":{"rendered":"OFRECE SEDRU IMPLEMENTAR NUEVAS VARIEDADES DE GRANOS PARA AMORTIGUAR LOS EFECTOS DE LA FALTA DE LLUVIA"},"content":{"rendered":"<p><a href=\"https:\/\/radiowebmx.com\/nota\/wp-content\/uploads\/2013\/04\/DSCN0073.jpg\"><img loading=\"lazy\" decoding=\"async\" class=\"alignleft size-full wp-image-2242\" title=\"DSCN0073\" src=\"https:\/\/radiowebmx.com\/nota\/wp-content\/uploads\/2013\/04\/DSCN0073.jpg\" alt=\"\" width=\"591\" height=\"337\" \/><\/a>Para aminorar las consecuencias del cambio clim\u00e1tico, es importante<strong> <\/strong>implementar nuevas variedades de granos que tengan ciclos m\u00e1s cortos y ayuden a contrarrestar los efectos de las sequ\u00edas, as\u00ed lo manifest\u00f3 el secretario de Desarrollo Rural del estado, Ram\u00f3n Cano Vega, al acudir a la Expo Agro de la Ci\u00e9nega de Chapala 2013, la cual pone a disposici\u00f3n de los productores los avances tecnol\u00f3gicos m\u00e1s importantes para el campo.<\/p>\n<p>En el marco de este evento, en que los presidentes municipales de Jiquilpan, Jos\u00e9 Francisco \u00c1lvarez Cort\u00e9s; de Villamar, Froylan Zambrano L\u00f3pez y el s\u00edndico de Sahuayo, Estanislao Amezcua S\u00e1nchez,\u00a0 coincidieron en se\u00f1alar que en el terreno de los hechos, el gobernador Fausto Vallejo Figueroa le est\u00e1 cumpliendo a los michoacanos del medio rural con la nueva maquinaria destinada al campo, Cano Vega expuso las opciones que la Sedru brinda a los productores ante los nuevos desaf\u00edos que enfrenta el sector.<\/p>\n<p>Explic\u00f3 que si bien anteriormente las variedades de granos con los ciclos m\u00e1s largos, eran las m\u00e1s rendidoras, hoy en d\u00eda se debe trabajar a la inversa, utilizando semillas de ciclos m\u00e1s cortos que den rendimiento ante la falta de lluvia, es decir, que se adapten a los nuevos ciclos de precipitaciones.<\/p>\n<p>Se\u00f1al\u00f3 que hay productos que ayudan a eficientar el vigor h\u00edbrido que tienen las variedades, por lo que en tiempos m\u00e1s cortos permiten obtener cosechas m\u00e1s abundantes.<\/p>\n<p>\u201cAntes los ciclos de agua eran de seis meses y los granos estaban acoplados a que duraran ese tiempo, ahora ya existen variedades m\u00e1s cortas de acuerdo a las nuevas temporadas de las lluvias, las cuales se deben aprovechar\u201d, enfatiz\u00f3.<\/p>\n<p>El secretario de la Sedru destac\u00f3 que la importancia de este tipo de exposiciones radica en que cumplan con los objetivos de disminuir los costos de producci\u00f3n y aumentar el rendimiento de las superficies cosechadas, ya que si se logra esto, mejora el ingreso de los productores y por ende, la calidad de vida de sus familias.<\/p>\n<p>\u201cEsta es una de las zonas m\u00e1s f\u00e9rtiles del estado y si los resultados de lo que aqu\u00ed se est\u00e1 exponiendo se traducen en incremento en la producci\u00f3n del campo, sin lugar a dudas este modelo hay que replicarlo en todo el estado\u201d, puntualiz\u00f3.<\/p>\n<p>Ram\u00f3n Cano Vega record\u00f3 las palabras de Antonio Guzm\u00e1n Casta\u00f1eda, quien desde su llegada a la Delegaci\u00f3n de SAGARPA en la entidad, se pronunci\u00f3 porque ambas dependencias trabajen como un solo equipo al interior del estado.<\/p>\n<p>\u201cAs\u00ed, formaremos una sola bolsa de recursos y ajustaremos los programas de tal manera que nos ver\u00e1n trabajar como si fu\u00e9ramos una sola instituci\u00f3n, para tener la certeza de dar mejor respuesta a los productores michoacanos\u201d, finaliz\u00f3.<\/p>\n<p>En tanto que los ediles presentes mencionaron por separado, que el jefe del Ejecutivo estatal, Fausto Vallejo Figueroa, ha puesto la muestra de c\u00f3mo se debe trabajar en beneficio del campo.<\/p>\n<p>\u201cNosotros no podemos quedarnos atr\u00e1s en esta gran labor, ya que es fundamental el apoyo que hemos recibido por parte del gobierno del estado, a trav\u00e9s de la maquinaria que nos acaban de entregar y que con gusto la vamos a destinar para los fines que nos han marcado\u201d, expres\u00f3 el edil jiquilpense Jos\u00e9 Francisco \u00c1lvarez.<\/p>\n<p>En dicha expo estuvieron presentes el Jefe del Distrito 089 de SAGARPA, Rafael V\u00e1zquez\u00a0 \u00c1guila; el presidente del M\u00f3dulo de Riego de La Palma, Roberto S\u00e1nchez Villanueva; los Delegados de Sedru, Guadalupe Ju\u00e1rez Duarte y Jos\u00e9 Luis Garc\u00eda; adem\u00e1s de los anfitriones Osiris Tejeda Partida y Alma Roc\u00edo L\u00f3pez Castellanos, quienes lograron conjuntar a los representantes de las marcas de implementos y semillas m\u00e1s importantes de M\u00e9xico y el mundo.<\/p>\n<p><strong>\u00a0<\/strong><\/p>\n<p align=\"right\"><strong>\u00a0<\/strong><\/p>\n","protected":false},"excerpt":{"rendered":"<p>Para aminorar las consecuencias del cambio clim\u00e1tico, es importante implementar nuevas variedades de granos que tengan ciclos m\u00e1s cortos y ayuden a contrarrestar los efectos de las sequ\u00edas, as\u00ed lo manifest\u00f3 el secretario de Desarrollo Rural del estado, Ram\u00f3n Cano Vega, al acudir a la Expo Agro de la Ci\u00e9nega de Chapala 2013, la cual pone a disposici\u00f3n de los productores los avances tecnol\u00f3gicos m\u00e1s importantes para el campo.<\/p>\n","protected":false},"author":1,"featured_media":0,"comment_status":"open","ping_status":"open","sticky":false,"template":"","format":"standard","meta":{"footnotes":""},"categories":[14,3],"tags":[],"class_list":["post-2240","post","type-post","status-publish","format-standard","hentry","category-destacadas","category-gobierno-del-estado-de-michoacan"],"_links":{"self":[{"href":"https:\/\/radiowebmx.com\/nota\/wp-json\/wp\/v2\/posts\/2240","targetHints":{"allow":["GET"]}}],"collection":[{"href":"https:\/\/radiowebmx.com\/nota\/wp-json\/wp\/v2\/posts"}],"about":[{"href":"https:\/\/radiowebmx.com\/nota\/wp-json\/wp\/v2\/types\/post"}],"author":[{"embeddable":true,"href":"https:\/\/radiowebmx.com\/nota\/wp-json\/wp\/v2\/users\/1"}],"replies":[{"embeddable":true,"href":"https:\/\/radiowebmx.com\/nota\/wp-json\/wp\/v2\/comments?post=2240"}],"version-history":[{"count":2,"href":"https:\/\/radiowebmx.com\/nota\/wp-json\/wp\/v2\/posts\/2240\/revisions"}],"predecessor-version":[{"id":2243,"href":"https:\/\/radiowebmx.com\/nota\/wp-json\/wp\/v2\/posts\/2240\/revisions\/2243"}],"wp:attachment":[{"href":"https:\/\/radiowebmx.com\/nota\/wp-json\/wp\/v2\/media?parent=2240"}],"wp:term":[{"taxonomy":"category","embeddable":true,"href":"https:\/\/radiowebmx.com\/nota\/wp-json\/wp\/v2\/categories?post=2240"},{"taxonomy":"post_tag","embeddable":true,"href":"https:\/\/radiowebmx.com\/nota\/wp-json\/wp\/v2\/tags?post=2240"}],"curies":[{"name":"wp","href":"https:\/\/api.w.org\/{rel}","templated":true}]}}