{"id":22394,"date":"2016-03-30T11:52:43","date_gmt":"2016-03-30T17:52:43","guid":{"rendered":"https:\/\/radiowebmx.com\/nota\/?p=22394"},"modified":"2016-03-30T11:52:43","modified_gmt":"2016-03-30T17:52:43","slug":"secoem-apoya-a-municipios-en-transparencia-y-rendicion-de-cuentas","status":"publish","type":"post","link":"https:\/\/radiowebmx.com\/nota\/secoem-apoya-a-municipios-en-transparencia-y-rendicion-de-cuentas\/","title":{"rendered":"Secoem apoya a municipios en transparencia y rendici\u00f3n de cuentas"},"content":{"rendered":"<p><a href=\"https:\/\/radiowebmx.com\/nota\/wp-content\/uploads\/2016\/03\/58499672-ced6-4c4c-b9cd-5b24cdf6a3ed.jpg\"><img loading=\"lazy\" decoding=\"async\" class=\"alignleft size-full wp-image-22395\" src=\"https:\/\/radiowebmx.com\/nota\/wp-content\/uploads\/2016\/03\/58499672-ced6-4c4c-b9cd-5b24cdf6a3ed.jpg\" alt=\"58499672-ced6-4c4c-b9cd-5b24cdf6a3ed\" width=\"591\" height=\"320\" srcset=\"https:\/\/radiowebmx.com\/nota\/wp-content\/uploads\/2016\/03\/58499672-ced6-4c4c-b9cd-5b24cdf6a3ed.jpg 591w, https:\/\/radiowebmx.com\/nota\/wp-content\/uploads\/2016\/03\/58499672-ced6-4c4c-b9cd-5b24cdf6a3ed-300x162.jpg 300w\" sizes=\"auto, (max-width: 591px) 100vw, 591px\" \/><\/a>Personal de la Secretar\u00eda de Contralor\u00eda de Michoac\u00e1n (Secoem) conform\u00f3 en su primera etapa 49 Comit\u00e9s de Contralor\u00eda Social en el municipio de Uruapan.<\/p>\n<p>La titular de la Secoem, Silvia Estrada Esquivel, enfatiz\u00f3 que la dependencia a su cargo apoya plenamente a los municipios en el tema de la transparencia y\u00a0 rendici\u00f3n de cuentas.<\/p>\n<p>\u201cEs un esfuerzo coordinado con los gobiernos locales que se implementen mecanismos de contralor\u00eda social a partir de la participaci\u00f3n ciudadana, vigilante de los recursos p\u00fablicos ejercidos en los programas sociales y la obra p\u00fablica\u201d, asegur\u00f3 la funcionaria estatal.<\/p>\n<p>En ese sentido, refiri\u00f3 que la Secoem trabajar\u00e1 intensamente con los 113 municipios de Michoac\u00e1n en materia de contralor\u00eda social proponiendo gobiernos abiertos que generen acceso a la informaci\u00f3n, con el fin de recobrar la confianza de la ciudadan\u00eda por la administraci\u00f3n p\u00fablica estatal y municipal.<\/p>\n<p>En esta etapa, dijo Silvia Estrada, se dio inicio con los trabajos de capacitaci\u00f3n en materia de contralor\u00eda social con la participaci\u00f3n de 80 personas que van a colaborar en las 188 localidades de Uruapan.<\/p>\n<p>La sala de usos m\u00faltiples del Ayuntamiento de Uruapan fue sede de los trabajos coordinados por la subsecretaria de Contralor\u00eda Social, Laura Gonz\u00e1lez Mart\u00ednez, en donde se cont\u00f3 con la presencia del contralor municipal, Felipe Flores Medina.<\/p>\n<p>&#8220;Es un esfuerzo visible para que los ciudadanos participen y acompa\u00f1en a los funcionarios p\u00fablicos en el combate a la corrupci\u00f3n e impunidad\u201d, apunt\u00f3 la contralora estatal.<\/p>\n<p>Cabe destacar que se firmaron las c\u00e9dulas que formalizan los trabajos en apoyo a los Comit\u00e9s de las Contralor\u00edas Sociales establecidas en este municipio.<\/p>\n","protected":false},"excerpt":{"rendered":"<p>Personal de la Secretar\u00eda de Contralor\u00eda de Michoac\u00e1n (Secoem) conform\u00f3 en su primera etapa 49 Comit\u00e9s de Contralor\u00eda Social en el municipio de Uruapan.<\/p>\n","protected":false},"author":1,"featured_media":22395,"comment_status":"open","ping_status":"open","sticky":false,"template":"","format":"standard","meta":{"footnotes":""},"categories":[14,3],"tags":[],"class_list":["post-22394","post","type-post","status-publish","format-standard","has-post-thumbnail","hentry","category-destacadas","category-gobierno-del-estado-de-michoacan"],"_links":{"self":[{"href":"https:\/\/radiowebmx.com\/nota\/wp-json\/wp\/v2\/posts\/22394","targetHints":{"allow":["GET"]}}],"collection":[{"href":"https:\/\/radiowebmx.com\/nota\/wp-json\/wp\/v2\/posts"}],"about":[{"href":"https:\/\/radiowebmx.com\/nota\/wp-json\/wp\/v2\/types\/post"}],"author":[{"embeddable":true,"href":"https:\/\/radiowebmx.com\/nota\/wp-json\/wp\/v2\/users\/1"}],"replies":[{"embeddable":true,"href":"https:\/\/radiowebmx.com\/nota\/wp-json\/wp\/v2\/comments?post=22394"}],"version-history":[{"count":1,"href":"https:\/\/radiowebmx.com\/nota\/wp-json\/wp\/v2\/posts\/22394\/revisions"}],"predecessor-version":[{"id":22396,"href":"https:\/\/radiowebmx.com\/nota\/wp-json\/wp\/v2\/posts\/22394\/revisions\/22396"}],"wp:featuredmedia":[{"embeddable":true,"href":"https:\/\/radiowebmx.com\/nota\/wp-json\/wp\/v2\/media\/22395"}],"wp:attachment":[{"href":"https:\/\/radiowebmx.com\/nota\/wp-json\/wp\/v2\/media?parent=22394"}],"wp:term":[{"taxonomy":"category","embeddable":true,"href":"https:\/\/radiowebmx.com\/nota\/wp-json\/wp\/v2\/categories?post=22394"},{"taxonomy":"post_tag","embeddable":true,"href":"https:\/\/radiowebmx.com\/nota\/wp-json\/wp\/v2\/tags?post=22394"}],"curies":[{"name":"wp","href":"https:\/\/api.w.org\/{rel}","templated":true}]}}