{"id":22343,"date":"2016-03-29T14:30:31","date_gmt":"2016-03-29T20:30:31","guid":{"rendered":"https:\/\/radiowebmx.com\/nota\/?p=22343"},"modified":"2016-03-29T14:30:31","modified_gmt":"2016-03-29T20:30:31","slug":"escucha-gobernador-a-sectores-economico-y-agropecuario-de-zacapu","status":"publish","type":"post","link":"https:\/\/radiowebmx.com\/nota\/escucha-gobernador-a-sectores-economico-y-agropecuario-de-zacapu\/","title":{"rendered":"Escucha Gobernador a sectores econ\u00f3mico y agropecuario de Zacapu"},"content":{"rendered":"<p><a href=\"https:\/\/radiowebmx.com\/nota\/wp-content\/uploads\/2016\/03\/9ece0431-3799-4537-a489-75cedacc5e44.jpg\"><img loading=\"lazy\" decoding=\"async\" class=\"alignleft size-full wp-image-22344\" src=\"https:\/\/radiowebmx.com\/nota\/wp-content\/uploads\/2016\/03\/9ece0431-3799-4537-a489-75cedacc5e44.jpg\" alt=\"9ece0431-3799-4537-a489-75cedacc5e44\" width=\"591\" height=\"263\" srcset=\"https:\/\/radiowebmx.com\/nota\/wp-content\/uploads\/2016\/03\/9ece0431-3799-4537-a489-75cedacc5e44.jpg 591w, https:\/\/radiowebmx.com\/nota\/wp-content\/uploads\/2016\/03\/9ece0431-3799-4537-a489-75cedacc5e44-300x134.jpg 300w\" sizes=\"auto, (max-width: 591px) 100vw, 591px\" \/><\/a>El Gobernador Constitucional, Silvano Aureoles Conejo, sostuvo una reuni\u00f3n de trabajo con representantes del sector empresarial y agropecuario de Zacapu, con quienes comparti\u00f3 que en Michoac\u00e1n se est\u00e1 recuperando la confianza en el turismo, y las estad\u00edsticas lo ubican como una entidad con mayores niveles de seguridad, lo que ayudar\u00e1 a la estabilidad del estado y a generar inversi\u00f3n y empleo.<\/p>\n<p>En este encuentro, el mandatario escuch\u00f3 las principales necesidades de ambos sectores, as\u00ed como diversos proyectos para potencializar el desarrollo de dicho municipio, en este sentido, dio instrucciones a los funcionarios estatales presentes, para que se de seguimiento puntual a los puntos expuestos, con el fin de concretar los que sean viables.<\/p>\n<p>Durante la reuni\u00f3n a la que tambi\u00e9n asistieron integrantes del Gabinete del sector econ\u00f3mico, ambiental y del campo, as\u00ed como sus similares del \u00e1mbito federal, Silvano Aureoles destac\u00f3 la sinergia entre los tres niveles de gobierno para generar acciones en beneficio de esta regi\u00f3n del estado.<\/p>\n<p>Tras escuchar los proyectos planteados tales como parques industriales y ecotur\u00edsticos, de infraestructura carretera, y de turismo con el objetivo de aprovechar la riqueza\u00a0 arqueol\u00f3gica con que cuenta esta demarcaci\u00f3n.<\/p>\n<p>El mandatario invit\u00f3 a los empresarios a elaborar una propuesta para la reactivaci\u00f3n del parque agroindustrial, mediante la cual, se trabaje en un esquema conjunto entre la iniciativa privada y autoridades gubernamentales.<\/p>\n<p>En tanto, en el tema del gasoducto que fue una de las propuestas de los sectores, se\u00f1al\u00f3 la necesidad de que se genere el estudio correspondiente como punto de partida y en materia de infraestructura carretera manifest\u00f3 el inter\u00e9s de revisar los proyectos presentados.<\/p>\n<p>Aureoles Conejo reconoci\u00f3 el potencial tur\u00edstico de esta zona, y la experiencia del sector empresarial, a quienes conmin\u00f3 a denunciar cualquier actividad que atente contra su seguridad.<\/p>\n<p>En tanto, anunci\u00f3 que se reforzar\u00e1n las medidas en materia ambiental en la entidad, a trav\u00e9s de la Fiscal\u00eda Especial para Delitos Ambientales y de la divisi\u00f3n de la Polic\u00eda Forestal, as\u00ed como del impuesto ambiental por el cambio de uso de suelo.<\/p>\n<p>Finalmente, el Gobernador comparti\u00f3 con las y los asistentes que durante los d\u00edas de Semana Santa, Morelia recibi\u00f3 un total de 400 mil visitantes, lo que precis\u00f3, refleja que se est\u00e1 recuperando la confianza del turismo, al se\u00f1alar que se va dejando atr\u00e1s la imagen\u00a0negativa que ten\u00eda\u00a0 Michoac\u00e1n.<\/p>\n<p>Gerardo Torres Ochoa, alcalde de Zacapu, agradeci\u00f3 la visita del mandatario estatal, para escuchar los proyectos presentados por los diversos sectores de su municipio.<\/p>\n<p>En la reuni\u00f3n tambi\u00e9n estuvieron presente, los secretarios de Desarrollo Econ\u00f3mico, Desarrollo Rural y Agroalimentario y de Medio Ambiente, Recursos Naturales y Cambio Clim\u00e1tico, Antonio Soto S\u00e1nchez, Israel Tentory Garc\u00eda y Ricardo Luna Garc\u00eda respectivamente; los delegados de las Secretar\u00edas de Gobernaci\u00f3n, de la Sagarpa, de la Semarnat y de Econom\u00eda, Florentino Coalla Pulido,\u00a0 Jaime Rodr\u00edguez L\u00f3pez, Mauro Ballesteros y Salvador Abud Mirabent respectivamente, as\u00ed como el secretario Particular del Gobernador, Marco Aurelio Nava Cervantes y la procuradora Federal del Medio Ambiente, Talia Coria, por mencionar algunos.<\/p>\n","protected":false},"excerpt":{"rendered":"<p>El Gobernador Constitucional, Silvano Aureoles Conejo, sostuvo una reuni\u00f3n de trabajo con representantes del sector empresarial y agropecuario de Zacapu, <\/p>\n","protected":false},"author":1,"featured_media":22344,"comment_status":"open","ping_status":"open","sticky":false,"template":"","format":"standard","meta":{"footnotes":""},"categories":[14,3],"tags":[],"class_list":["post-22343","post","type-post","status-publish","format-standard","has-post-thumbnail","hentry","category-destacadas","category-gobierno-del-estado-de-michoacan"],"_links":{"self":[{"href":"https:\/\/radiowebmx.com\/nota\/wp-json\/wp\/v2\/posts\/22343","targetHints":{"allow":["GET"]}}],"collection":[{"href":"https:\/\/radiowebmx.com\/nota\/wp-json\/wp\/v2\/posts"}],"about":[{"href":"https:\/\/radiowebmx.com\/nota\/wp-json\/wp\/v2\/types\/post"}],"author":[{"embeddable":true,"href":"https:\/\/radiowebmx.com\/nota\/wp-json\/wp\/v2\/users\/1"}],"replies":[{"embeddable":true,"href":"https:\/\/radiowebmx.com\/nota\/wp-json\/wp\/v2\/comments?post=22343"}],"version-history":[{"count":1,"href":"https:\/\/radiowebmx.com\/nota\/wp-json\/wp\/v2\/posts\/22343\/revisions"}],"predecessor-version":[{"id":22345,"href":"https:\/\/radiowebmx.com\/nota\/wp-json\/wp\/v2\/posts\/22343\/revisions\/22345"}],"wp:featuredmedia":[{"embeddable":true,"href":"https:\/\/radiowebmx.com\/nota\/wp-json\/wp\/v2\/media\/22344"}],"wp:attachment":[{"href":"https:\/\/radiowebmx.com\/nota\/wp-json\/wp\/v2\/media?parent=22343"}],"wp:term":[{"taxonomy":"category","embeddable":true,"href":"https:\/\/radiowebmx.com\/nota\/wp-json\/wp\/v2\/categories?post=22343"},{"taxonomy":"post_tag","embeddable":true,"href":"https:\/\/radiowebmx.com\/nota\/wp-json\/wp\/v2\/tags?post=22343"}],"curies":[{"name":"wp","href":"https:\/\/api.w.org\/{rel}","templated":true}]}}