{"id":22327,"date":"2016-03-28T14:21:12","date_gmt":"2016-03-28T20:21:12","guid":{"rendered":"https:\/\/radiowebmx.com\/nota\/?p=22327"},"modified":"2016-03-28T14:21:12","modified_gmt":"2016-03-28T20:21:12","slug":"las-puertas-del-ivem-abiertas-para-las-familias-en-cartera-vencida","status":"publish","type":"post","link":"https:\/\/radiowebmx.com\/nota\/las-puertas-del-ivem-abiertas-para-las-familias-en-cartera-vencida\/","title":{"rendered":"Las puertas del IVEM, abiertas para las familias en cartera vencida"},"content":{"rendered":"<p><a href=\"https:\/\/radiowebmx.com\/nota\/wp-content\/uploads\/2016\/03\/f316dd6a-cd9c-4493-ab02-05bbdd22a4f5.jpg\"><img loading=\"lazy\" decoding=\"async\" class=\"alignleft size-full wp-image-22328\" src=\"https:\/\/radiowebmx.com\/nota\/wp-content\/uploads\/2016\/03\/f316dd6a-cd9c-4493-ab02-05bbdd22a4f5.jpg\" alt=\"f316dd6a-cd9c-4493-ab02-05bbdd22a4f5\" width=\"591\" height=\"261\" srcset=\"https:\/\/radiowebmx.com\/nota\/wp-content\/uploads\/2016\/03\/f316dd6a-cd9c-4493-ab02-05bbdd22a4f5.jpg 591w, https:\/\/radiowebmx.com\/nota\/wp-content\/uploads\/2016\/03\/f316dd6a-cd9c-4493-ab02-05bbdd22a4f5-300x132.jpg 300w\" sizes=\"auto, (max-width: 591px) 100vw, 591px\" \/><\/a>La directora general del Instituto de Vivienda del Estado de Michoac\u00e1n (IVEM), Yesm\u00edn S\u00e1nchez Huerta, asegur\u00f3 que las puertas est\u00e1n abiertas para que las familias que se encuentran en cartera vencida ante esta instancia,\u00a0puedan regularizarse y den certeza jur\u00eddica a su patrimonio.<\/p>\n<p>La funcionaria destac\u00f3 el compromiso del Gobernador Silvano Aureoles Conejo para regularizar y dar orden a los procesos y acciones que se realizan en beneficio de las familias michoacanas, sobre todo cuando se trata de ofrecer certeza jur\u00eddica a su patrimonio.<\/p>\n<p>Es por ello, indic\u00f3, que en el IVEM se lleva a cabo un reordenamiento interno para apoyar a las miles de familias que han recibido alg\u00fan pr\u00e9stamo para edificar su vivienda u obtener materiales para ampliar la misma y que por alguna situaci\u00f3n dejaron de pagarlo.<\/p>\n<p>Se\u00f1al\u00f3 que el atraso que encontraron en el instituto es de m\u00e1s de una d\u00e9cada, por lo que durante los meses que lleva la presente administraci\u00f3n, ya se logr\u00f3 establecer un proceso de regularizaci\u00f3n, tanto en cartera vencida como para escrituraci\u00f3n.<\/p>\n<p>Con ello, las familias podr\u00e1n llegar a un acuerdo con el Instituto, as\u00ed como establecer mecanismos de pago, tratando siempre de no afectar la econom\u00eda en sus hogares.<\/p>\n<p>Hasta la fecha, apunt\u00f3 Yesm\u00edn S\u00e1nchez, el personal de supervisi\u00f3n ya realiza las tareas correspondientes para inspeccionar las condiciones y problemas de cada familia, y que el Departamento Jur\u00eddico del IVEM apoya para buscar la alternativa m\u00e1s adecuada en cada caso.<\/p>\n","protected":false},"excerpt":{"rendered":"<p>La directora general del IVEM, Yesm\u00edn S\u00e1nchez Huerta, asegur\u00f3 que las puertas est\u00e1n abiertas para que las familias que se encuentran en cartera vencida ante esta instancia, puedan regularizarse y den certeza jur\u00eddica a su patrimonio.<\/p>\n","protected":false},"author":1,"featured_media":22328,"comment_status":"open","ping_status":"open","sticky":false,"template":"","format":"standard","meta":{"footnotes":""},"categories":[14,3],"tags":[],"class_list":["post-22327","post","type-post","status-publish","format-standard","has-post-thumbnail","hentry","category-destacadas","category-gobierno-del-estado-de-michoacan"],"_links":{"self":[{"href":"https:\/\/radiowebmx.com\/nota\/wp-json\/wp\/v2\/posts\/22327","targetHints":{"allow":["GET"]}}],"collection":[{"href":"https:\/\/radiowebmx.com\/nota\/wp-json\/wp\/v2\/posts"}],"about":[{"href":"https:\/\/radiowebmx.com\/nota\/wp-json\/wp\/v2\/types\/post"}],"author":[{"embeddable":true,"href":"https:\/\/radiowebmx.com\/nota\/wp-json\/wp\/v2\/users\/1"}],"replies":[{"embeddable":true,"href":"https:\/\/radiowebmx.com\/nota\/wp-json\/wp\/v2\/comments?post=22327"}],"version-history":[{"count":1,"href":"https:\/\/radiowebmx.com\/nota\/wp-json\/wp\/v2\/posts\/22327\/revisions"}],"predecessor-version":[{"id":22329,"href":"https:\/\/radiowebmx.com\/nota\/wp-json\/wp\/v2\/posts\/22327\/revisions\/22329"}],"wp:featuredmedia":[{"embeddable":true,"href":"https:\/\/radiowebmx.com\/nota\/wp-json\/wp\/v2\/media\/22328"}],"wp:attachment":[{"href":"https:\/\/radiowebmx.com\/nota\/wp-json\/wp\/v2\/media?parent=22327"}],"wp:term":[{"taxonomy":"category","embeddable":true,"href":"https:\/\/radiowebmx.com\/nota\/wp-json\/wp\/v2\/categories?post=22327"},{"taxonomy":"post_tag","embeddable":true,"href":"https:\/\/radiowebmx.com\/nota\/wp-json\/wp\/v2\/tags?post=22327"}],"curies":[{"name":"wp","href":"https:\/\/api.w.org\/{rel}","templated":true}]}}