{"id":22324,"date":"2016-03-28T14:17:05","date_gmt":"2016-03-28T20:17:05","guid":{"rendered":"https:\/\/radiowebmx.com\/nota\/?p=22324"},"modified":"2016-03-28T14:17:05","modified_gmt":"2016-03-28T20:17:05","slug":"recupera-michoacan-confianza-de-turistas-silvano-aureoles","status":"publish","type":"post","link":"https:\/\/radiowebmx.com\/nota\/recupera-michoacan-confianza-de-turistas-silvano-aureoles\/","title":{"rendered":"Recupera Michoac\u00e1n confianza de turistas: Silvano Aureoles"},"content":{"rendered":"<p><a href=\"https:\/\/radiowebmx.com\/nota\/wp-content\/uploads\/2016\/03\/b2d980dc-8ae9-4dff-aac0-f4b9115d5a8b.jpg\"><img loading=\"lazy\" decoding=\"async\" class=\"alignleft size-full wp-image-22325\" src=\"https:\/\/radiowebmx.com\/nota\/wp-content\/uploads\/2016\/03\/b2d980dc-8ae9-4dff-aac0-f4b9115d5a8b.jpg\" alt=\"b2d980dc-8ae9-4dff-aac0-f4b9115d5a8b\" width=\"591\" height=\"350\" srcset=\"https:\/\/radiowebmx.com\/nota\/wp-content\/uploads\/2016\/03\/b2d980dc-8ae9-4dff-aac0-f4b9115d5a8b.jpg 591w, https:\/\/radiowebmx.com\/nota\/wp-content\/uploads\/2016\/03\/b2d980dc-8ae9-4dff-aac0-f4b9115d5a8b-300x178.jpg 300w\" sizes=\"auto, (max-width: 591px) 100vw, 591px\" \/><\/a>En el marco de las festividades de Semana Santa, los turistas volvieron a recuperar la confianza en Michoac\u00e1n, lo que ha generado un registro importante de visitantes en todas las regiones de la entidad, as\u00ed lo expres\u00f3 el Gobernador Constitucional, Silvano Aureoles Conejo, quien destac\u00f3 que ello se debe al trabajo que se ha realizado en la actual administraci\u00f3n.<\/p>\n<p>Lo anterior, durante la inauguraci\u00f3n de la 25 edici\u00f3n de la Expo Feria Ganadera Tuzantla 2016, donde el jefe del Ejecutivo se comprometi\u00f3 a generar un Proyecto Integral para el Desarrollo Ganadero para la regi\u00f3n, misma que dijo, ser\u00e1 una zona segura para la tranquilidad de todos sus habitantes.<\/p>\n<p>En las instalaciones de la Expo Feria Ganadera y ante pobladores del municipio considerado &#8220;la puerta de la Tierra Caliente&#8221;, el mandatario estatal se dijo contento con la presencia de turistas en Michoac\u00e1n.<\/p>\n<p>&#8220;En el marco de las festividades de Semana Santa hubo, como pocas veces se hab\u00eda visto, presencia de turistas en todos los rumbos del estado. Por primera vez desde hace a\u00f1os que no se llenaban los hoteles en Morelia o en P\u00e1tzcuaro o en la zona de la Costa y hoy se vuelve a recuperar la confianza y la presencia y estoy seguro que si seguimos as\u00ed, la cosa va a cambiar&#8221;, manifest\u00f3.<\/p>\n<p>En este sentido, precis\u00f3 que lo anterior se debe al cambio que se ha dado en tres aspectos fundamentales para el desarrollo de la entidad: finanzas, educaci\u00f3n y seguridad, y con ello dar respuesta a la poblaci\u00f3n.<\/p>\n<p>Al acudir a las Fiestas de Pascua en Tuzantla y con respecto a la 25 edici\u00f3n de la Expo Feria Ganadera, Silvano Aureoles consider\u00f3 como urgente el brindar apoyo a este municipio por su vocaci\u00f3n ganadera, para lo cual anunci\u00f3 un Proyecto Integral para el Desarrollo Ganadero de Tuzantla que se enfocar\u00e1 en el mejoramiento gen\u00e9tico del ganado; la construcci\u00f3n de dos centros de acopio lechero y la modernizaci\u00f3n del tianguis ganadero que se realiza semanalmente en este lugar; &#8220;sumando esfuerzos, voluntad y compromisos se pueden obtener resultados&#8221;.<\/p>\n<p>No obstante, dej\u00f3 en claro que no abandonar\u00e1 su compromiso de generar las condiciones de seguridad para los pobladores de Tuzantla. &#8220;Esta regi\u00f3n la voy a seguir cuidando con lupa. Voy a recorrer toda la regi\u00f3n&#8221;.<\/p>\n<p>Durante esta actividad, el mandatario estatal entreg\u00f3 siete sementales bovinos a un mismo n\u00famero de productores.<\/p>\n<p><strong>Inaugura domo del CEMSAD &#8211; 28<\/strong><\/p>\n<p>En una segunda actividad, en la tenencia Paso de Tierra Caliente, el Gobernador del Estado inaugur\u00f3 el domo del Colegio de Estudios Media Superior a Distancia (CEMSAD)-28 perteneciente al Colegio de Estudios Cient\u00edficos y Tecnol\u00f3gicos del Estado de Michoac\u00e1n (CECyTEM).<\/p>\n<p>Ante alumnos y personal acad\u00e9mico, Silvano Aureoles record\u00f3 que en su administraci\u00f3n ha puesto en marcha dos programas para abatir el rezago educativo de Michoac\u00e1n como es el Convenio para Mejorar la Infraestructura Educativa en planteles de educaci\u00f3n b\u00e1sica y el esquema Beca Futuro.<\/p>\n<p>Es importante destacar que el domo CEMSAD &#8211; 28 tuvo una inversi\u00f3n de 850 mil pesos y beneficiar\u00e1 a 60 alumnos.<\/p>\n<p><strong>Encabeza desfile de las Fiestas de Pascua 2016<\/strong><\/p>\n<p>Previo a estas actividades, Aureoles Conejo encabez\u00f3 el desfile de las Fiestas de Pascua 2016 en el municipio de Tuzantla.<\/p>\n<p>En la avenida principal del municipio, el mandatario estatal observ\u00f3 el desfile en el que participaron diversas instituciones educativas y agrupaciones art\u00edsticas; con ello dio inicio una de las fiestas m\u00e1s importantes de Tuzantla.<\/p>\n<p>Al hacer uso de la palabra, el secretario de Desarrollo Rural y Agroalimentario, Israel Tentory Garc\u00eda, manifest\u00f3 que Michoac\u00e1n, con esta zona del estado, tiene una gran oportunidad de crecimiento, pues cuenta con 35 mil cabezas de ganado y con una importante producci\u00f3n agr\u00edcola.<\/p>\n<p>Por lo anterior, consider\u00f3 como importante la tecnificaci\u00f3n del campo, tarea en la que dijo ya se trabaja.<\/p>\n<p>En su oportunidad, el presidente municipal de Tuzantla, Octavio Ocampo C\u00f3rdova, agradeci\u00f3 la presencia y el apoyo que el Gobernador del Estado ha brindado a esta regi\u00f3n, pues ha mostrado inter\u00e9s en los diversos proyectos que se le han presentado.<\/p>\n<p>A esta actividad asistieron el vocal ejecutivo del Centro Estatal para el Desarrollo Municipal (Cedemun), Carlos Paredes Correa; el director general de Pensiones Civiles del Estado, Ignacio Ocampo Barrueta; el coordinador general de la Comisi\u00f3n Estatal del Agua y Gesti\u00f3n de Cuencas (CEAC), Germ\u00e1n Tena Fern\u00e1ndez; el diputado local, Juan Bernardo Corona Mart\u00ednez as\u00ed como los presidentes municipales de Benito Ju\u00e1rez, Chuc\u00e1ndiro, Madero, San Lucas, Susupuato y Tiquicheo.<\/p>\n","protected":false},"excerpt":{"rendered":"<p>En el marco de las festividades de Semana Santa, los turistas volvieron a recuperar la confianza en Michoac\u00e1n, lo que ha generado un registro importante de visitantes en todas las regiones de la entidad, as\u00ed lo expres\u00f3 el Gobernador Constitucional,<\/p>\n","protected":false},"author":1,"featured_media":22325,"comment_status":"open","ping_status":"open","sticky":false,"template":"","format":"standard","meta":{"footnotes":""},"categories":[14,3],"tags":[],"class_list":["post-22324","post","type-post","status-publish","format-standard","has-post-thumbnail","hentry","category-destacadas","category-gobierno-del-estado-de-michoacan"],"_links":{"self":[{"href":"https:\/\/radiowebmx.com\/nota\/wp-json\/wp\/v2\/posts\/22324","targetHints":{"allow":["GET"]}}],"collection":[{"href":"https:\/\/radiowebmx.com\/nota\/wp-json\/wp\/v2\/posts"}],"about":[{"href":"https:\/\/radiowebmx.com\/nota\/wp-json\/wp\/v2\/types\/post"}],"author":[{"embeddable":true,"href":"https:\/\/radiowebmx.com\/nota\/wp-json\/wp\/v2\/users\/1"}],"replies":[{"embeddable":true,"href":"https:\/\/radiowebmx.com\/nota\/wp-json\/wp\/v2\/comments?post=22324"}],"version-history":[{"count":1,"href":"https:\/\/radiowebmx.com\/nota\/wp-json\/wp\/v2\/posts\/22324\/revisions"}],"predecessor-version":[{"id":22326,"href":"https:\/\/radiowebmx.com\/nota\/wp-json\/wp\/v2\/posts\/22324\/revisions\/22326"}],"wp:featuredmedia":[{"embeddable":true,"href":"https:\/\/radiowebmx.com\/nota\/wp-json\/wp\/v2\/media\/22325"}],"wp:attachment":[{"href":"https:\/\/radiowebmx.com\/nota\/wp-json\/wp\/v2\/media?parent=22324"}],"wp:term":[{"taxonomy":"category","embeddable":true,"href":"https:\/\/radiowebmx.com\/nota\/wp-json\/wp\/v2\/categories?post=22324"},{"taxonomy":"post_tag","embeddable":true,"href":"https:\/\/radiowebmx.com\/nota\/wp-json\/wp\/v2\/tags?post=22324"}],"curies":[{"name":"wp","href":"https:\/\/api.w.org\/{rel}","templated":true}]}}