{"id":2231,"date":"2013-04-15T09:59:34","date_gmt":"2013-04-15T14:59:34","guid":{"rendered":"https:\/\/radiowebmx.com\/nota\/?p=2231"},"modified":"2013-04-15T09:59:34","modified_gmt":"2013-04-15T14:59:34","slug":"abanderan-a-deportistas-michoacanos-de-cara-a-la-olimpiada-nacional","status":"publish","type":"post","link":"https:\/\/radiowebmx.com\/nota\/abanderan-a-deportistas-michoacanos-de-cara-a-la-olimpiada-nacional\/","title":{"rendered":"Abanderan a deportistas michoacanos de cara a la Olimpiada Nacional"},"content":{"rendered":"<p><span style=\"font-size: medium;\"><a href=\"https:\/\/radiowebmx.com\/nota\/wp-content\/uploads\/2013\/04\/DSC_0030.jpg\"><img loading=\"lazy\" decoding=\"async\" class=\"alignleft size-full wp-image-2232\" title=\"DSC_0030\" src=\"https:\/\/radiowebmx.com\/nota\/wp-content\/uploads\/2013\/04\/DSC_0030.jpg\" alt=\"\" width=\"591\" height=\"255\" \/><\/a>El presidente Municipal, Wilfrido L\u00e1zaro Medina fue el encargado de la inauguraci\u00f3n de la Ceremonia de Abanderamiento de la Delegaci\u00f3n del Estado de Michoac\u00e1n a la Olimpiada Nacional 2013 que se realizar\u00e1 del 24 de abril al 10 de Junio en Baja California, Jalisco y Aguascalientes.<\/span><\/p>\n<p><span style=\"font-size: medium;\">\u00a0<\/span><\/p>\n<p><span style=\"font-size: medium;\">\u00a0\u201cLos convoco para trabajar fuerte, que hagamos las cosas de la mejor manera posible, inspirados por nuestra familia, nuestro municipio, nuestro estado y por nuestra naci\u00f3n para as\u00ed traernos las medallas y poner a Michoac\u00e1n y Morelia en alto\u201d, fueron las palabras que el edil moreliano dirigi\u00f3 a los m\u00e1s de 500\u00a0\u00a0deportistas y entrenadores que viajaran a las diversas sedes.<\/span><\/p>\n<p><span style=\"font-size: medium;\">\u00a0<\/span><\/p>\n<p><span style=\"font-size: medium;\">Finalmente L\u00e1zaro Medina, junto a los integrantes del pres\u00eddium, el Secretario de los J\u00f3venes en el Estado, Jes\u00fas V\u00e1zquez Estupi\u00f1\u00e1n; el Director General de la Comisi\u00f3n Estatal de Cultura F\u00edsica y Deporte, Gabriel Prado Fern\u00e1ndez; el diputado Omar Bernardino Vargas y el Subsecretario de Educaci\u00f3n B\u00e1sica, Cuitl\u00e1huac Contreras \u00cd\u00f1iguez, entregaron las insignias a los representantes de las selecciones dese\u00e1ndoles con ello la mejor de las suertes en su participaci\u00f3n.<\/span><\/p>\n","protected":false},"excerpt":{"rendered":"<p>El presidente Municipal, Wilfrido L\u00e1zaro Medina fue el encargado de la inauguraci\u00f3n de la Ceremonia de Abanderamiento de la Delegaci\u00f3n del Estado de Michoac\u00e1n a la Olimpiada Nacional 2013 que se realizar\u00e1 del 24 de abril al 10 de Junio en Baja California, Jalisco y Aguascalientes.<\/p>\n","protected":false},"author":1,"featured_media":0,"comment_status":"open","ping_status":"open","sticky":false,"template":"","format":"standard","meta":{"footnotes":""},"categories":[14,9],"tags":[],"class_list":["post-2231","post","type-post","status-publish","format-standard","hentry","category-destacadas","category-morelia"],"_links":{"self":[{"href":"https:\/\/radiowebmx.com\/nota\/wp-json\/wp\/v2\/posts\/2231","targetHints":{"allow":["GET"]}}],"collection":[{"href":"https:\/\/radiowebmx.com\/nota\/wp-json\/wp\/v2\/posts"}],"about":[{"href":"https:\/\/radiowebmx.com\/nota\/wp-json\/wp\/v2\/types\/post"}],"author":[{"embeddable":true,"href":"https:\/\/radiowebmx.com\/nota\/wp-json\/wp\/v2\/users\/1"}],"replies":[{"embeddable":true,"href":"https:\/\/radiowebmx.com\/nota\/wp-json\/wp\/v2\/comments?post=2231"}],"version-history":[{"count":2,"href":"https:\/\/radiowebmx.com\/nota\/wp-json\/wp\/v2\/posts\/2231\/revisions"}],"predecessor-version":[{"id":2234,"href":"https:\/\/radiowebmx.com\/nota\/wp-json\/wp\/v2\/posts\/2231\/revisions\/2234"}],"wp:attachment":[{"href":"https:\/\/radiowebmx.com\/nota\/wp-json\/wp\/v2\/media?parent=2231"}],"wp:term":[{"taxonomy":"category","embeddable":true,"href":"https:\/\/radiowebmx.com\/nota\/wp-json\/wp\/v2\/categories?post=2231"},{"taxonomy":"post_tag","embeddable":true,"href":"https:\/\/radiowebmx.com\/nota\/wp-json\/wp\/v2\/tags?post=2231"}],"curies":[{"name":"wp","href":"https:\/\/api.w.org\/{rel}","templated":true}]}}