{"id":22283,"date":"2016-03-23T13:05:57","date_gmt":"2016-03-23T19:05:57","guid":{"rendered":"https:\/\/radiowebmx.com\/nota\/?p=22283"},"modified":"2016-03-23T13:05:57","modified_gmt":"2016-03-23T19:05:57","slug":"este-domingo-miles-de-personas-disfrutaran-del-video-mapping-en-plaza-valladolid","status":"publish","type":"post","link":"https:\/\/radiowebmx.com\/nota\/este-domingo-miles-de-personas-disfrutaran-del-video-mapping-en-plaza-valladolid\/","title":{"rendered":"Este domingo miles de personas disfrutar\u00e1n del video mapping en Plaza Valladolid"},"content":{"rendered":"<p><a href=\"https:\/\/radiowebmx.com\/nota\/wp-content\/uploads\/2016\/03\/0b13467c-ee08-4b68-8b50-00262cca2073.jpg\"><img loading=\"lazy\" decoding=\"async\" class=\"alignleft size-full wp-image-22284\" src=\"https:\/\/radiowebmx.com\/nota\/wp-content\/uploads\/2016\/03\/0b13467c-ee08-4b68-8b50-00262cca2073.jpg\" alt=\"0b13467c-ee08-4b68-8b50-00262cca2073\" width=\"591\" height=\"410\" srcset=\"https:\/\/radiowebmx.com\/nota\/wp-content\/uploads\/2016\/03\/0b13467c-ee08-4b68-8b50-00262cca2073.jpg 591w, https:\/\/radiowebmx.com\/nota\/wp-content\/uploads\/2016\/03\/0b13467c-ee08-4b68-8b50-00262cca2073-300x208.jpg 300w\" sizes=\"auto, (max-width: 591px) 100vw, 591px\" \/><\/a>Este pr\u00f3ximo domingo la Plaza Valladolid ser\u00e1 escenario para que miles de personas disfruten del espect\u00e1culo de mapping, que el Ayuntamiento de Morelia, a trav\u00e9s de la Secretar\u00eda de Turismo Municipal, tiene preparado en el marco de las actividades que durante estos d\u00edas de asueto se estar\u00e1n desarrollando en diversos puntos de la ciudad.<\/p>\n<p>Alfonso Mart\u00ednez Alc\u00e1zar, Presidente Municipal, indic\u00f3 que el Gobierno Municipal tiene preparado un atractivo programa de Semana Santa para que turistas y morelianos, hagan de las plazas p\u00fablicas zonas de encuentro y reuni\u00f3n para convivir en familia.<\/p>\n<p>De esta forma, detall\u00f3 que la noche del domingo se proyectar\u00e1 un audiovisual en la fachada del templo de San Francisco, que ser\u00e1 disfrutado por cerca de 10 mil personas que se den cita en la plaza y calles aleda\u00f1as.<\/p>\n<p>Adelant\u00f3 que el video mapping se llevar\u00e1 a cabo de manera gratuita cada ocho d\u00edas en la Plaza Valladolid, en cuyas tem\u00e1ticas quedar\u00e1 expuesta la gastronom\u00eda y riqueza cultural de la capital de Michoac\u00e1n.<\/p>\n<p>\u201cEstamos trabajando para convertir las plazas p\u00fablicas, en lugares en donde la ciudadan\u00eda tenga la oportunidad de pasar un rato agradable y disfrute de eventos de calidad en donde se fortalezcan los valores\u201d, dijo.<\/p>\n<p>Para la proyecci\u00f3n del video mapping, el Instituto Nacional de Antropolog\u00eda e Historia tuvo una participaci\u00f3n importante, al igual que diversas dependencias municipales que intervinieron en cuesti\u00f3n de log\u00edstica.<\/p>\n<p>Alfonso Mart\u00ednez resalt\u00f3 que el audiovisual se suma a la serie de eventos gratuitos que el Ayuntamiento de Morelia realizar\u00e1 esta Semana Santa, en los que destacan la Procesi\u00f3n del Silencio, la obra teatral La \u00daltima Cena y He aqu\u00ed el hombre, que se desarrollar\u00e1n el jueves y viernes, respectivamente, en la Plaza Valladolid.<\/p>\n<p>Para el s\u00e1bado por la noche se tiene contemplada la Quema de Judas frente a Catedral y el domingo una caminata de oraci\u00f3n en la plaza Melchor Ocampo.<\/p>\n<p>Aunado a ello, se mantiene la exposici\u00f3n museogr\u00e1fica La S\u00e1bana Santa en el Poliforum Digital, la cual tiene una promoci\u00f3n del 50 por ciento de descuento para que la ciudadan\u00eda asista a este evento de primer nivel.<\/p>\n<p>El Alcalde, Alfonso Mart\u00ednez, reiter\u00f3 la invitaci\u00f3n a disfrutar de este periodo vacacional en Morelia, y ser parte de los eventos que diariamente se desarrollar\u00e1n en la capital de Michoac\u00e1n.<\/p>\n","protected":false},"excerpt":{"rendered":"<p>Este pr\u00f3ximo domingo la Plaza Valladolid ser\u00e1 escenario para que miles de personas disfruten del espect\u00e1culo de mapping, que el Ayuntamiento de Morelia, a trav\u00e9s de la Secretar\u00eda de Turismo Municipal, tiene preparado en el marco de las actividades que durante estos d\u00edas de asueto se estar\u00e1n desarrollando en diversos puntos de la ciudad. Alfonso [&hellip;]<\/p>\n","protected":false},"author":1,"featured_media":22284,"comment_status":"open","ping_status":"open","sticky":false,"template":"","format":"standard","meta":{"footnotes":""},"categories":[14,9],"tags":[],"class_list":["post-22283","post","type-post","status-publish","format-standard","has-post-thumbnail","hentry","category-destacadas","category-morelia"],"_links":{"self":[{"href":"https:\/\/radiowebmx.com\/nota\/wp-json\/wp\/v2\/posts\/22283","targetHints":{"allow":["GET"]}}],"collection":[{"href":"https:\/\/radiowebmx.com\/nota\/wp-json\/wp\/v2\/posts"}],"about":[{"href":"https:\/\/radiowebmx.com\/nota\/wp-json\/wp\/v2\/types\/post"}],"author":[{"embeddable":true,"href":"https:\/\/radiowebmx.com\/nota\/wp-json\/wp\/v2\/users\/1"}],"replies":[{"embeddable":true,"href":"https:\/\/radiowebmx.com\/nota\/wp-json\/wp\/v2\/comments?post=22283"}],"version-history":[{"count":1,"href":"https:\/\/radiowebmx.com\/nota\/wp-json\/wp\/v2\/posts\/22283\/revisions"}],"predecessor-version":[{"id":22285,"href":"https:\/\/radiowebmx.com\/nota\/wp-json\/wp\/v2\/posts\/22283\/revisions\/22285"}],"wp:featuredmedia":[{"embeddable":true,"href":"https:\/\/radiowebmx.com\/nota\/wp-json\/wp\/v2\/media\/22284"}],"wp:attachment":[{"href":"https:\/\/radiowebmx.com\/nota\/wp-json\/wp\/v2\/media?parent=22283"}],"wp:term":[{"taxonomy":"category","embeddable":true,"href":"https:\/\/radiowebmx.com\/nota\/wp-json\/wp\/v2\/categories?post=22283"},{"taxonomy":"post_tag","embeddable":true,"href":"https:\/\/radiowebmx.com\/nota\/wp-json\/wp\/v2\/tags?post=22283"}],"curies":[{"name":"wp","href":"https:\/\/api.w.org\/{rel}","templated":true}]}}