{"id":22277,"date":"2016-03-23T13:00:33","date_gmt":"2016-03-23T19:00:33","guid":{"rendered":"https:\/\/radiowebmx.com\/nota\/?p=22277"},"modified":"2016-03-23T13:00:33","modified_gmt":"2016-03-23T19:00:33","slug":"prepara-secretaria-de-turismo-municipal-video-mapping-en-plaza-valladolid","status":"publish","type":"post","link":"https:\/\/radiowebmx.com\/nota\/prepara-secretaria-de-turismo-municipal-video-mapping-en-plaza-valladolid\/","title":{"rendered":"Prepara Secretar\u00eda de Turismo Municipal video mapping en Plaza Valladolid"},"content":{"rendered":"<p><a href=\"https:\/\/radiowebmx.com\/nota\/wp-content\/uploads\/2016\/03\/cd51e6dd-aaec-4103-8477-374da067b401.jpg\"><img loading=\"lazy\" decoding=\"async\" class=\"alignleft size-full wp-image-22278\" src=\"https:\/\/radiowebmx.com\/nota\/wp-content\/uploads\/2016\/03\/cd51e6dd-aaec-4103-8477-374da067b401.jpg\" alt=\"cd51e6dd-aaec-4103-8477-374da067b401\" width=\"591\" height=\"341\" srcset=\"https:\/\/radiowebmx.com\/nota\/wp-content\/uploads\/2016\/03\/cd51e6dd-aaec-4103-8477-374da067b401.jpg 591w, https:\/\/radiowebmx.com\/nota\/wp-content\/uploads\/2016\/03\/cd51e6dd-aaec-4103-8477-374da067b401-300x173.jpg 300w\" sizes=\"auto, (max-width: 591px) 100vw, 591px\" \/><\/a>Como un nuevo producto tur\u00edstico de gran trascendencia para los morelianos y turistas, calific\u00f3 la Secretaria de Turismo de Morelia, Thelma Aquique Arrieta el video mapping que se inaugurar\u00e1 este pr\u00f3ximo domingo 27 de marzo en la Plaza Valladolid.<\/p>\n<p>Durante un recorrido de supervisi\u00f3n, la funcionaria municipal se mostr\u00f3 contenta por el trabajo y el resultado de las gestiones que el Presidente Municipal, Alfonso Mart\u00ednez Alc\u00e1zar, llev\u00f3 a cabo para que este proyecto se ejecutara, con el apoyo tambi\u00e9n de la Federaci\u00f3n a trav\u00e9s de la Secretar\u00eda de Turismo.<\/p>\n<p>El video mapping se llevar\u00e1 a cabo de manera gratuita cada ocho d\u00edas en la plaza Valladolid y constar\u00e1 de diversas temporadas tem\u00e1ticas, las cuales mostrar\u00e1n las riquezas gastron\u00f3micas, culturales e ideol\u00f3gicas con las que cuenta la ciudad a trav\u00e9s de la tecnolog\u00eda que envuelven los proyectores de \u00faltima generaci\u00f3n.<\/p>\n<p>Asimismo, la titular de la pol\u00edtica tur\u00edstica de Morelia agradeci\u00f3 el trabajo que se realiz\u00f3 con el Instituto Nacional de Antropolog\u00eda e Historia el cual se involucr\u00f3 de manera importante para que este proyecto se ejecute; de igual forma, destac\u00f3 la participaci\u00f3n de la Secretar\u00eda de Servicios P\u00fablicos\u00a0 Municipales y la Gerencia del Patrimonio Cultural, quienes desempe\u00f1aron un papel intermunicipal en la parte operativa y log\u00edstica.<\/p>\n<p>Con esto, Aquique Arrieta adelant\u00f3 que el video mapping se suma a la serie de actividades tur\u00edstico cultuales con las cuales ya cuenta el Ayuntamiento de Morelia y que pretenden recuperar las plazas p\u00fablicas como puntos de convivencia familiar, adem\u00e1s de ser un referente para otras ciudades, ya que la respuesta de la gente a este tipo de eventos es muy favorable trayendo consigo una importante derrama econ\u00f3mica en el per\u00edmetro de los lugares en donde se lleva a cabo.<\/p>\n","protected":false},"excerpt":{"rendered":"<p>Como un nuevo producto tur\u00edstico de gran trascendencia para los morelianos y turistas, calific\u00f3 la Secretaria de Turismo de Morelia, Thelma Aquique Arrieta el video mapping que se inaugurar\u00e1 este pr\u00f3ximo domingo 27 de marzo en la Plaza Valladolid.<\/p>\n","protected":false},"author":1,"featured_media":22278,"comment_status":"open","ping_status":"open","sticky":false,"template":"","format":"standard","meta":{"footnotes":""},"categories":[14,9],"tags":[],"class_list":["post-22277","post","type-post","status-publish","format-standard","has-post-thumbnail","hentry","category-destacadas","category-morelia"],"_links":{"self":[{"href":"https:\/\/radiowebmx.com\/nota\/wp-json\/wp\/v2\/posts\/22277","targetHints":{"allow":["GET"]}}],"collection":[{"href":"https:\/\/radiowebmx.com\/nota\/wp-json\/wp\/v2\/posts"}],"about":[{"href":"https:\/\/radiowebmx.com\/nota\/wp-json\/wp\/v2\/types\/post"}],"author":[{"embeddable":true,"href":"https:\/\/radiowebmx.com\/nota\/wp-json\/wp\/v2\/users\/1"}],"replies":[{"embeddable":true,"href":"https:\/\/radiowebmx.com\/nota\/wp-json\/wp\/v2\/comments?post=22277"}],"version-history":[{"count":1,"href":"https:\/\/radiowebmx.com\/nota\/wp-json\/wp\/v2\/posts\/22277\/revisions"}],"predecessor-version":[{"id":22279,"href":"https:\/\/radiowebmx.com\/nota\/wp-json\/wp\/v2\/posts\/22277\/revisions\/22279"}],"wp:featuredmedia":[{"embeddable":true,"href":"https:\/\/radiowebmx.com\/nota\/wp-json\/wp\/v2\/media\/22278"}],"wp:attachment":[{"href":"https:\/\/radiowebmx.com\/nota\/wp-json\/wp\/v2\/media?parent=22277"}],"wp:term":[{"taxonomy":"category","embeddable":true,"href":"https:\/\/radiowebmx.com\/nota\/wp-json\/wp\/v2\/categories?post=22277"},{"taxonomy":"post_tag","embeddable":true,"href":"https:\/\/radiowebmx.com\/nota\/wp-json\/wp\/v2\/tags?post=22277"}],"curies":[{"name":"wp","href":"https:\/\/api.w.org\/{rel}","templated":true}]}}