{"id":22268,"date":"2016-03-23T12:53:51","date_gmt":"2016-03-23T18:53:51","guid":{"rendered":"https:\/\/radiowebmx.com\/nota\/?p=22268"},"modified":"2016-03-23T12:53:51","modified_gmt":"2016-03-23T18:53:51","slug":"imde-cerrara-sus-complejos-acuaticos-por-semana-santa","status":"publish","type":"post","link":"https:\/\/radiowebmx.com\/nota\/imde-cerrara-sus-complejos-acuaticos-por-semana-santa\/","title":{"rendered":"IMDE cerrar\u00e1 sus complejos acu\u00e1ticos por Semana Santa"},"content":{"rendered":"<p><a href=\"https:\/\/radiowebmx.com\/nota\/wp-content\/uploads\/2016\/03\/e252d2ac-d594-4ab7-995c-a199af37905f.jpg\"><img loading=\"lazy\" decoding=\"async\" class=\"alignleft size-full wp-image-22269\" src=\"https:\/\/radiowebmx.com\/nota\/wp-content\/uploads\/2016\/03\/e252d2ac-d594-4ab7-995c-a199af37905f.jpg\" alt=\"e252d2ac-d594-4ab7-995c-a199af37905f\" width=\"591\" height=\"322\" srcset=\"https:\/\/radiowebmx.com\/nota\/wp-content\/uploads\/2016\/03\/e252d2ac-d594-4ab7-995c-a199af37905f.jpg 591w, https:\/\/radiowebmx.com\/nota\/wp-content\/uploads\/2016\/03\/e252d2ac-d594-4ab7-995c-a199af37905f-300x163.jpg 300w\" sizes=\"auto, (max-width: 591px) 100vw, 591px\" \/><\/a>Con motivo de la celebraci\u00f3n de \u201cSemana Santa\u201d, los complejos acu\u00e1ticos administrados por el Ayuntamiento: \u201cMedallistas Paral\u00edmpicos\u201d y \u201cBicentenario\u201d, cerrar\u00e1n sus puertas del jueves 24 al domingo 27 de marzo y volver\u00e1n a operar de forma normal a partil del lunes 28, en punto de las 06:00 horas. Adem\u00e1s, el Auditorio Municipal tambi\u00e9n suspender\u00e1 actividades, pero solo los d\u00edas jueves y viernes.<\/p>\n<p>En el caso del recinto de Villa Magna, este se encuentra cerrado desde el pasado lunes 21, por labores de mantenimiento y se espera quede listo el lunes 28 del presente mes.<\/p>\n<p>El presidente municipal de Morelia, Alfonso Mart\u00ednez Alc\u00e1zar, a trav\u00e9s del Instituto Municipal de Cultura F\u00edsica y Deporte (IMDE), comandado por Gustavo Ju\u00e1rez Bedolla, mantendr\u00e1n las unidades deportivas abiertas, con la intenci\u00f3n de no afectar a los deportistas locales en su actividad f\u00edsica.<\/p>\n<p>Durante el periodo vacacional de \u201cSemana Santa\u201d, la ciudad de la cantera rosa recibe a miles de visitantes de diversas regiones del pa\u00eds, por lo cual el gobierno local, consciente de la necesidad de brindar espacios para distintas actividades, opt\u00f3 por mantener en funciones las unidades deportivas, a excepci\u00f3n de las albercas y el Auditorio Municipal.<\/p>\n<p>El Complejo Acu\u00e1tico \u201cMedallistas Paral\u00edmpicos\u201d de la unidad deportiva Morelos-Indeco, as\u00ed como el de Bicentenario, cerrar\u00e1n sus puertas a partir de este jueves 24 de marzo y permanecer\u00e1n as\u00ed los d\u00edas viernes y s\u00e1bado. Las piscinas reabrir\u00e1n el d\u00eda lunes 28, en horario normal de 06:00 a 22:00 horas.<\/p>\n<p>\u201cLas albercas cerrar\u00e1n debido al periodo vacacional, para no afectar al desarrollo de los cursos, puesto que hay muchas personas que salen de la ciudad, sin embargo, nuestro compromiso con los atletas se mantiene, as\u00ed que 10 de nuestras unidades van a operar con toda normalidad. En el caso del Auditorio Municipal, este funcionar\u00e1 desde el s\u00e1bado para darle continuidad a las ligas que ah\u00ed se desarrollan\u201d, mencion\u00f3 Jorge Enrique Reyes G\u00e1mez, coordinador de unidades deportivas del IMDE.<\/p>\n<p>Las 11 unidades administradas por el IMDE son: la unidad deportiva Morelos-Indeco, el Complejo Deportivo Bicentenario, Miguel Hidalgo, el Auditorio Municipal, F\u00e9lix Ireta, Torre\u00f3n Nuevo, Josefa Ocampo de Mata, Santiaguito, Morelia 150, Pirindas y Eduardo Ruiz.<\/p>\n<p><strong>Rehabilitan alberca Villa Magna<\/strong><\/p>\n<p>Con la intenci\u00f3n de brindar un mejor servicio a sus cientos de usuarios, el Complejo Acu\u00e1tico de Villa Magna es sometido a labores de mantenimiento, por lo cual desde el pasado lunes se encuentra cerrado y se pretende sea abierto en exactamente una semana, es decir, el pr\u00f3ximo lunes 28 de marzo.<\/p>\n<p>Los trabajos, los cuales no tienen costo alguno al estar contemplados dentro de la garant\u00eda de la obra, consisten en el cambio de losetas, en algunas secciones del recinto, como los ba\u00f1os y una zona anexa a la fosa, para mayor comodidad de los usuarios.<\/p>\n<p>\u201cEstos trabajos que hacemos por petici\u00f3n de los usuarios, vienen dentro de la garant\u00eda acordada con la empresa constructora, por lo cual no tienen costo alguno y esperamos queden concluidos para que la alberca pueda entrar en funciones este pr\u00f3ximo lunes\u201d, asegur\u00f3 el director de\u00a0 Infraestructura Deportiva del IMDE, Alejandro Valdez.<\/p>\n","protected":false},"excerpt":{"rendered":"<p>Con motivo de la celebraci\u00f3n de \u201cSemana Santa\u201d, los complejos acu\u00e1ticos administrados por el Ayuntamiento: \u201cMedallistas Paral\u00edmpicos\u201d y \u201cBicentenario\u201d, cerrar\u00e1n sus puertas del jueves 24 al domingo 27 de marzo y volver\u00e1n a operar de forma normal a partil del lunes 28, en punto de las 06:00 horas. Adem\u00e1s, el Auditorio Municipal tambi\u00e9n suspender\u00e1 actividades, [&hellip;]<\/p>\n","protected":false},"author":1,"featured_media":22269,"comment_status":"open","ping_status":"open","sticky":false,"template":"","format":"standard","meta":{"footnotes":""},"categories":[14,9],"tags":[],"class_list":["post-22268","post","type-post","status-publish","format-standard","has-post-thumbnail","hentry","category-destacadas","category-morelia"],"_links":{"self":[{"href":"https:\/\/radiowebmx.com\/nota\/wp-json\/wp\/v2\/posts\/22268","targetHints":{"allow":["GET"]}}],"collection":[{"href":"https:\/\/radiowebmx.com\/nota\/wp-json\/wp\/v2\/posts"}],"about":[{"href":"https:\/\/radiowebmx.com\/nota\/wp-json\/wp\/v2\/types\/post"}],"author":[{"embeddable":true,"href":"https:\/\/radiowebmx.com\/nota\/wp-json\/wp\/v2\/users\/1"}],"replies":[{"embeddable":true,"href":"https:\/\/radiowebmx.com\/nota\/wp-json\/wp\/v2\/comments?post=22268"}],"version-history":[{"count":1,"href":"https:\/\/radiowebmx.com\/nota\/wp-json\/wp\/v2\/posts\/22268\/revisions"}],"predecessor-version":[{"id":22270,"href":"https:\/\/radiowebmx.com\/nota\/wp-json\/wp\/v2\/posts\/22268\/revisions\/22270"}],"wp:featuredmedia":[{"embeddable":true,"href":"https:\/\/radiowebmx.com\/nota\/wp-json\/wp\/v2\/media\/22269"}],"wp:attachment":[{"href":"https:\/\/radiowebmx.com\/nota\/wp-json\/wp\/v2\/media?parent=22268"}],"wp:term":[{"taxonomy":"category","embeddable":true,"href":"https:\/\/radiowebmx.com\/nota\/wp-json\/wp\/v2\/categories?post=22268"},{"taxonomy":"post_tag","embeddable":true,"href":"https:\/\/radiowebmx.com\/nota\/wp-json\/wp\/v2\/tags?post=22268"}],"curies":[{"name":"wp","href":"https:\/\/api.w.org\/{rel}","templated":true}]}}