{"id":22262,"date":"2016-03-23T12:36:44","date_gmt":"2016-03-23T18:36:44","guid":{"rendered":"https:\/\/radiowebmx.com\/nota\/?p=22262"},"modified":"2016-03-23T12:36:44","modified_gmt":"2016-03-23T18:36:44","slug":"anuncian-fiestas-tradicionales-de-pascua-tuzantla-2016","status":"publish","type":"post","link":"https:\/\/radiowebmx.com\/nota\/anuncian-fiestas-tradicionales-de-pascua-tuzantla-2016\/","title":{"rendered":"Anuncian Fiestas Tradicionales de Pascua Tuzantla 2016"},"content":{"rendered":"<p><a href=\"https:\/\/radiowebmx.com\/nota\/wp-content\/uploads\/2016\/03\/8009fb20-d02a-4ce2-8c4c-1f1c35fafd54.jpg\"><img loading=\"lazy\" decoding=\"async\" class=\"alignleft size-full wp-image-22263\" src=\"https:\/\/radiowebmx.com\/nota\/wp-content\/uploads\/2016\/03\/8009fb20-d02a-4ce2-8c4c-1f1c35fafd54.jpg\" alt=\"8009fb20-d02a-4ce2-8c4c-1f1c35fafd54\" width=\"591\" height=\"291\" srcset=\"https:\/\/radiowebmx.com\/nota\/wp-content\/uploads\/2016\/03\/8009fb20-d02a-4ce2-8c4c-1f1c35fafd54.jpg 591w, https:\/\/radiowebmx.com\/nota\/wp-content\/uploads\/2016\/03\/8009fb20-d02a-4ce2-8c4c-1f1c35fafd54-300x148.jpg 300w\" sizes=\"auto, (max-width: 591px) 100vw, 591px\" \/><\/a>Del 27 de marzo al 3 de abril \u00a0se realizar\u00e1n las Fiestas Tradicionales de Pascua Tuzantla 2016, que es una de las actividades art\u00edstico \u2013 culturales m\u00e1s importantes del municipio.<\/p>\n<p>En conferencia de prensa, el edil de Tuzantla, Octavio Ocampo C\u00f3rdova destac\u00f3 que en las Fiestas Tradicionales de Pascua 2016 participar\u00e1n 20 municipios, donde cada uno, a trav\u00e9s de la Direcci\u00f3n de Cultura, mostrar\u00e1 su riqueza cultural y gastron\u00f3mica como es el caso de Paracho, Sahuayo, Hidalgo, Zit\u00e1cuaro y Huetamo.<\/p>\n<p>Acompa\u00f1ado de autoridades estatales, Octavio Ocampo se\u00f1al\u00f3 que \u00e9sta es una de las festividades m\u00e1s importantes, pues debido a la cantidad de visitantes que arriban al municipio, a lo largo de una semana se genera una derrama econ\u00f3mica considerable, situaci\u00f3n que ayuda a las familias de este lugar ubicado a 200 kil\u00f3metros de la capital michoacana.<\/p>\n<p>Detall\u00f3 que este municipio se ha destacado por su actividad agr\u00edcola, pues es uno de los principales productores de frutas como la sand\u00eda, mel\u00f3n, guayaba y pepino.<\/p>\n<p>anera se\u00f1al\u00f3 que con esta edici\u00f3n de las Fiestas Tradicionales de Pascua Tuzantla 2016, se busca superar la cantidad de visitantes que en a\u00f1os anteriores se registr\u00f3.<\/p>\n<p>Finalmente, precis\u00f3 que adem\u00e1s de esta actividad, en octubre Tuzantla realiza la Fiesta de San Francisco de As\u00eds y en noviembre el Festival del D\u00eda del M\u00fasico.<\/p>\n<p>Asimismo, cuenta con los r\u00edos Tuzantla, Chiquito y Cop\u00e1ndaro, los arroyos de Chirangangueo, del Manzano, del Chile, Grande y Cascalote, lugares donde los visitantes pueden disfrutar de comidas t\u00edpicas de la regi\u00f3n.<\/p>\n<p>Es importante destacar que entre las principales actividades que se realizar\u00e1n en esta edici\u00f3n se encuentra el primer Desfile de Carnaval; el concurso de Caballos Bailadores; La Alborada, entre otros.<\/p>\n<p>Adem\u00e1s de las presentaciones musicales de To\u00f1o Liz\u00e1rraga y Colmillo Norte\u00f1o Renovado, La Dinast\u00eda de Tuzantla, Beto y sus Canarios, y el espect\u00e1culo ecuestre de Jos\u00e9 Manuel Figueroa.<\/p>\n<p>A esta conferencia de prensa asistieron el secretario de Cultura, Salvador Ginori Lozano; el vocal ejecutivo del Centro Estatal para el Desarrollo Municipal, Carlos Paredes Correa; el director general de la Comisi\u00f3n de Ferias, Exposiciones y Eventos del Estado, Francisco Pedro Le\u00f3n y el director de Ganader\u00eda de la Secretar\u00eda de Desarrollo Rural y Agroalimentario, Baldemar Arroyo Souza.<\/p>\n","protected":false},"excerpt":{"rendered":"<p>Del 27 de marzo al 3 de abril  se realizar\u00e1n las Fiestas Tradicionales de Pascua Tuzantla 2016, que es una de las actividades art\u00edstico \u2013 culturales m\u00e1s importantes del municipio.<\/p>\n","protected":false},"author":1,"featured_media":22263,"comment_status":"open","ping_status":"open","sticky":false,"template":"","format":"standard","meta":{"footnotes":""},"categories":[14,3],"tags":[],"class_list":["post-22262","post","type-post","status-publish","format-standard","has-post-thumbnail","hentry","category-destacadas","category-gobierno-del-estado-de-michoacan"],"_links":{"self":[{"href":"https:\/\/radiowebmx.com\/nota\/wp-json\/wp\/v2\/posts\/22262","targetHints":{"allow":["GET"]}}],"collection":[{"href":"https:\/\/radiowebmx.com\/nota\/wp-json\/wp\/v2\/posts"}],"about":[{"href":"https:\/\/radiowebmx.com\/nota\/wp-json\/wp\/v2\/types\/post"}],"author":[{"embeddable":true,"href":"https:\/\/radiowebmx.com\/nota\/wp-json\/wp\/v2\/users\/1"}],"replies":[{"embeddable":true,"href":"https:\/\/radiowebmx.com\/nota\/wp-json\/wp\/v2\/comments?post=22262"}],"version-history":[{"count":1,"href":"https:\/\/radiowebmx.com\/nota\/wp-json\/wp\/v2\/posts\/22262\/revisions"}],"predecessor-version":[{"id":22264,"href":"https:\/\/radiowebmx.com\/nota\/wp-json\/wp\/v2\/posts\/22262\/revisions\/22264"}],"wp:featuredmedia":[{"embeddable":true,"href":"https:\/\/radiowebmx.com\/nota\/wp-json\/wp\/v2\/media\/22263"}],"wp:attachment":[{"href":"https:\/\/radiowebmx.com\/nota\/wp-json\/wp\/v2\/media?parent=22262"}],"wp:term":[{"taxonomy":"category","embeddable":true,"href":"https:\/\/radiowebmx.com\/nota\/wp-json\/wp\/v2\/categories?post=22262"},{"taxonomy":"post_tag","embeddable":true,"href":"https:\/\/radiowebmx.com\/nota\/wp-json\/wp\/v2\/tags?post=22262"}],"curies":[{"name":"wp","href":"https:\/\/api.w.org\/{rel}","templated":true}]}}