{"id":22255,"date":"2016-03-22T13:17:19","date_gmt":"2016-03-22T19:17:19","guid":{"rendered":"https:\/\/radiowebmx.com\/nota\/?p=22255"},"modified":"2016-03-22T13:18:02","modified_gmt":"2016-03-22T19:18:02","slug":"dialogo-con-artesanos-para-revisar-la-ley-adriana-hernandez-iniguez","status":"publish","type":"post","link":"https:\/\/radiowebmx.com\/nota\/dialogo-con-artesanos-para-revisar-la-ley-adriana-hernandez-iniguez\/","title":{"rendered":"Di\u00e1logo con artesanos para revisar la ley: Adriana Hern\u00e1ndez \u00cd\u00f1iguez"},"content":{"rendered":"<p class=\"x_MsoNormal\"><span lang=\"ES-TRAD\"><a href=\"https:\/\/radiowebmx.com\/nota\/wp-content\/uploads\/2016\/03\/DSC_6225.jpg\"><img loading=\"lazy\" decoding=\"async\" class=\"alignleft size-full wp-image-22256\" src=\"https:\/\/radiowebmx.com\/nota\/wp-content\/uploads\/2016\/03\/DSC_6225.jpg\" alt=\"DSC_6225\" width=\"591\" height=\"394\" srcset=\"https:\/\/radiowebmx.com\/nota\/wp-content\/uploads\/2016\/03\/DSC_6225.jpg 591w, https:\/\/radiowebmx.com\/nota\/wp-content\/uploads\/2016\/03\/DSC_6225-300x200.jpg 300w\" sizes=\"auto, (max-width: 591px) 100vw, 591px\" \/><\/a>Los artesanos de Michoac\u00e1n ser\u00e1n escuchados para atender sus demandas en lo que se refiere a la<\/span>Ley de Fomento y Desarrollo Artesanal del Estado de Michoac\u00e1n de Ocampo, aprobada por la anterior legislatura el 5 de marzo de 2015 y publicada en el Peri\u00f3dico Oficial del Estado el 21 de mayo del mismo a\u00f1o, afirm\u00f3 la diputada Adriana Hern\u00e1ndez \u00cd\u00f1iguez.<\/p>\n<p class=\"x_MsoNormal\">Durante su asistencia a la Exposici\u00f3n Artesanal del Domingo de Ramos en Uruapan, la coordinadora del Grupo Parlamentario del PRI en el Congreso del Estado dialog\u00f3 con Emilia Retes Oseguera Reyes, presidente de la Uni\u00f3n Estatal de Artesanos de Michoac\u00e1n (Uneamich), quien le expres\u00f3 la inquietud del sector, porque cuando fue aprobada dicha ley, ellos no fueron tomados en cuenta.<\/p>\n<p class=\"x_MsoNormal\">La legisladora por La Piedad le expres\u00f3 a la lideresa, que durante la pr\u00f3xima semana se programar\u00e1 una reuni\u00f3n con ellos, para analizar sus inquietudes y encontrar la forma de adecuar las disposiciones legales actuales, en beneficio de quienes se dedican a mantener vigente la historia y las tradiciones del estado.<\/p>\n<p class=\"x_MsoNormal\">Entrevistada respecto al tema, Hern\u00e1ndez \u00cd\u00f1iguez consider\u00f3 importante la participaci\u00f3n de los productores artesanales, para obtener mejores resultados en el fomento y desarrollo de la actividad, toda vez que \u00e9sta es uno de los pilares que sostienen la imagen del estado hacia el exterior, en la atracci\u00f3n de turismo nacional y extranjero.<\/p>\n<p class=\"x_MsoNormal\">Puntualiz\u00f3 que no s\u00f3lo se trata de integrarlos y escuchar sus inquietudes, sino de crear junto con ellos, leyes y mecanismos que les permitan mejorar sus tecnolog\u00edas, abasto y desarrollo de la producci\u00f3n artesanal en Michoac\u00e1n, como eje central de la econom\u00eda dom\u00e9stica en muchas regiones.<\/p>\n","protected":false},"excerpt":{"rendered":"<p>Los artesanos de Michoac\u00e1n ser\u00e1n escuchados para atender sus demandas en lo que se refiere a laLey de Fomento y Desarrollo Artesanal del Estado de Michoac\u00e1n de Ocampo,<\/p>\n","protected":false},"author":1,"featured_media":22256,"comment_status":"open","ping_status":"open","sticky":false,"template":"","format":"standard","meta":{"footnotes":""},"categories":[6,14,7],"tags":[],"class_list":["post-22255","post","type-post","status-publish","format-standard","has-post-thumbnail","hentry","category-congreso-del-estado","category-destacadas","category-grupo-parlamentario-del-pri"],"_links":{"self":[{"href":"https:\/\/radiowebmx.com\/nota\/wp-json\/wp\/v2\/posts\/22255","targetHints":{"allow":["GET"]}}],"collection":[{"href":"https:\/\/radiowebmx.com\/nota\/wp-json\/wp\/v2\/posts"}],"about":[{"href":"https:\/\/radiowebmx.com\/nota\/wp-json\/wp\/v2\/types\/post"}],"author":[{"embeddable":true,"href":"https:\/\/radiowebmx.com\/nota\/wp-json\/wp\/v2\/users\/1"}],"replies":[{"embeddable":true,"href":"https:\/\/radiowebmx.com\/nota\/wp-json\/wp\/v2\/comments?post=22255"}],"version-history":[{"count":2,"href":"https:\/\/radiowebmx.com\/nota\/wp-json\/wp\/v2\/posts\/22255\/revisions"}],"predecessor-version":[{"id":22258,"href":"https:\/\/radiowebmx.com\/nota\/wp-json\/wp\/v2\/posts\/22255\/revisions\/22258"}],"wp:featuredmedia":[{"embeddable":true,"href":"https:\/\/radiowebmx.com\/nota\/wp-json\/wp\/v2\/media\/22256"}],"wp:attachment":[{"href":"https:\/\/radiowebmx.com\/nota\/wp-json\/wp\/v2\/media?parent=22255"}],"wp:term":[{"taxonomy":"category","embeddable":true,"href":"https:\/\/radiowebmx.com\/nota\/wp-json\/wp\/v2\/categories?post=22255"},{"taxonomy":"post_tag","embeddable":true,"href":"https:\/\/radiowebmx.com\/nota\/wp-json\/wp\/v2\/tags?post=22255"}],"curies":[{"name":"wp","href":"https:\/\/api.w.org\/{rel}","templated":true}]}}