{"id":2225,"date":"2013-04-12T13:17:23","date_gmt":"2013-04-12T18:17:23","guid":{"rendered":"https:\/\/radiowebmx.com\/nota\/?p=2225"},"modified":"2013-04-12T13:17:23","modified_gmt":"2013-04-12T18:17:23","slug":"reitera-gobierno-estatal-su-compromiso-para-proteger-la-integridad-de-los-michoacanos","status":"publish","type":"post","link":"https:\/\/radiowebmx.com\/nota\/reitera-gobierno-estatal-su-compromiso-para-proteger-la-integridad-de-los-michoacanos\/","title":{"rendered":"REITERA GOBIERNO ESTATAL SU COMPROMISO  PARA PROTEGER  LA INTEGRIDAD DE LOS MICHOACANOS"},"content":{"rendered":"<p>El gobierno del estado de Michoac\u00e1n condena los hechos violentos acontecidos el pasado mi\u00e9rcoles en la regi\u00f3n de Tierra Caliente. Por ello, el gobernador Fausto Vallejo Figueroa, gir\u00f3 instrucciones para reforzar la seguridad en la zona en coordinaci\u00f3n con las autoridades federales, a fin de proteger la vida de personas inocentes, su integridad f\u00edsica y que se restablezcan las actividades cotidianas con tranquilidad.<\/p>\n<p>En este sentido, Jes\u00fas Reyna Garc\u00eda, secretario de Gobierno, se\u00f1al\u00f3 que desde que se tuvo conocimiento de los sucesos en que lamentablemente perdieron la vida varias personas, el gobierno estatal trabaja en coordinaci\u00f3n con las autoridades federales.<\/p>\n<p>Asimismo, inform\u00f3 que el d\u00eda de hoy las actividades cotidianas y comerciales en la regi\u00f3n se han ido restableciendo y las corridas de autobuses a dichas localidades est\u00e1n reanudadas cabalmente desde las 10:00 horas.<\/p>\n<p>Afirm\u00f3 que el Ejecutivo estatal refrenda su participaci\u00f3n y cooperaci\u00f3n con las instancias federales en las indagatorias respecto de los hechos acontecidos el d\u00eda de ayer en los municipios de Gabriel Zamora y de Apatzing\u00e1n. Por ello, la Procuradur\u00eda General de Justicia del Estado (PGJE) est\u00e1 atenta a la informaci\u00f3n que solicite la Procuradur\u00eda General de la Rep\u00fablica, respecto de las investigaciones y su seguimiento. <strong><\/strong><\/p>\n<p>Cabe resaltar que en el cumplimiento de su deber, cuatro efectivos de los efectivos de la Polic\u00eda Federal resultaron lesionados durante los sucesos.<\/p>\n<p>&nbsp;<\/p>\n<p>&nbsp;<\/p>\n<p>&nbsp;<\/p>\n","protected":false},"excerpt":{"rendered":"<p>El gobierno del estado de Michoac\u00e1n condena los hechos violentos acontecidos el pasado mi\u00e9rcoles en la regi\u00f3n de Tierra Caliente. Por ello, el gobernador Fausto Vallejo Figueroa, gir\u00f3 instrucciones para reforzar la seguridad en la zona en coordinaci\u00f3n con las autoridades federales, a fin de proteger la vida de personas inocentes, su integridad f\u00edsica y que se restablezcan las actividades cotidianas con tranquilidad.<\/p>\n","protected":false},"author":1,"featured_media":0,"comment_status":"open","ping_status":"open","sticky":false,"template":"","format":"standard","meta":{"footnotes":""},"categories":[3],"tags":[],"class_list":["post-2225","post","type-post","status-publish","format-standard","hentry","category-gobierno-del-estado-de-michoacan"],"_links":{"self":[{"href":"https:\/\/radiowebmx.com\/nota\/wp-json\/wp\/v2\/posts\/2225","targetHints":{"allow":["GET"]}}],"collection":[{"href":"https:\/\/radiowebmx.com\/nota\/wp-json\/wp\/v2\/posts"}],"about":[{"href":"https:\/\/radiowebmx.com\/nota\/wp-json\/wp\/v2\/types\/post"}],"author":[{"embeddable":true,"href":"https:\/\/radiowebmx.com\/nota\/wp-json\/wp\/v2\/users\/1"}],"replies":[{"embeddable":true,"href":"https:\/\/radiowebmx.com\/nota\/wp-json\/wp\/v2\/comments?post=2225"}],"version-history":[{"count":2,"href":"https:\/\/radiowebmx.com\/nota\/wp-json\/wp\/v2\/posts\/2225\/revisions"}],"predecessor-version":[{"id":2227,"href":"https:\/\/radiowebmx.com\/nota\/wp-json\/wp\/v2\/posts\/2225\/revisions\/2227"}],"wp:attachment":[{"href":"https:\/\/radiowebmx.com\/nota\/wp-json\/wp\/v2\/media?parent=2225"}],"wp:term":[{"taxonomy":"category","embeddable":true,"href":"https:\/\/radiowebmx.com\/nota\/wp-json\/wp\/v2\/categories?post=2225"},{"taxonomy":"post_tag","embeddable":true,"href":"https:\/\/radiowebmx.com\/nota\/wp-json\/wp\/v2\/tags?post=2225"}],"curies":[{"name":"wp","href":"https:\/\/api.w.org\/{rel}","templated":true}]}}