{"id":22247,"date":"2016-03-22T12:48:01","date_gmt":"2016-03-22T18:48:01","guid":{"rendered":"https:\/\/radiowebmx.com\/nota\/?p=22247"},"modified":"2016-03-22T12:48:01","modified_gmt":"2016-03-22T18:48:01","slug":"educacion-uno-de-mis-principales-compromisos-silvano-aureoles","status":"publish","type":"post","link":"https:\/\/radiowebmx.com\/nota\/educacion-uno-de-mis-principales-compromisos-silvano-aureoles\/","title":{"rendered":"Educaci\u00f3n, uno de mis principales compromisos: Silvano Aureoles"},"content":{"rendered":"<p><a href=\"https:\/\/radiowebmx.com\/nota\/wp-content\/uploads\/2016\/03\/4e085cff-14cd-4f87-8b40-19c34b9c6061.jpg\"><img loading=\"lazy\" decoding=\"async\" class=\"alignleft size-full wp-image-22248\" src=\"https:\/\/radiowebmx.com\/nota\/wp-content\/uploads\/2016\/03\/4e085cff-14cd-4f87-8b40-19c34b9c6061.jpg\" alt=\"4e085cff-14cd-4f87-8b40-19c34b9c6061\" width=\"591\" height=\"229\" srcset=\"https:\/\/radiowebmx.com\/nota\/wp-content\/uploads\/2016\/03\/4e085cff-14cd-4f87-8b40-19c34b9c6061.jpg 591w, https:\/\/radiowebmx.com\/nota\/wp-content\/uploads\/2016\/03\/4e085cff-14cd-4f87-8b40-19c34b9c6061-300x116.jpg 300w\" sizes=\"auto, (max-width: 591px) 100vw, 591px\" \/><\/a>Uno de mis principales compromisos es con la educaci\u00f3n, porque de no dar la atenci\u00f3n adecuada el estado no aspirar\u00e1 a la transformaci\u00f3n social, econ\u00f3mica y pol\u00edtica que requiere, as\u00ed lo se\u00f1al\u00f3 el jefe del Ejecutivo local, Silvano Aureoles Conejo; ello durante la inauguraci\u00f3n de la techumbre del Centro de Bachillerato, Tecnol\u00f3gico, Agropecuario (CBTA) &#8211; 240 en el municipio de Jungapeo.<\/p>\n<p>En las instalaciones de este plantel educativo y ante estudiantes, personal docente y habitantes de este municipio ubicado en la zona Oriente de Michoac\u00e1n, Silvano Aureoles refrend\u00f3 su compromiso de fortalecer el tema educativo. &#8220;Reitero mi compromiso con la educaci\u00f3n porque si no cuidamos la educaci\u00f3n de nuestros ni\u00f1os y j\u00f3venes no vamos a poder aspirar a la transformaci\u00f3n social, econ\u00f3mica y pol\u00edtica que requerimos como Estado&#8221;.<\/p>\n<p>Durante su discurso, el Gobernador Constitucional de Michoac\u00e1n destac\u00f3 que la entidad tiene todo para salir adelante, principalmente su gente emprendedora y exitosa.<\/p>\n<p>Prueba del apoyo que ha brindado a la educaci\u00f3n, destac\u00f3 el arranque del programa Beca Futuro, as\u00ed como los recursos destinados a la infraestructura educativa para escuelas de nivel b\u00e1sico. &#8220;Nuestra arma m\u00e1s importante para alcanzar la equidad y la justicia social, porque no hay otra manera, por eso debemos darle prioridad y adem\u00e1s los recursos destinados a ello son bien invertidos&#8221;.<\/p>\n<p>De igual manera, refiri\u00f3 que las autoridades no deben quedarse &#8220;de brazos cruzados&#8221; ante la problem\u00e1tica de los j\u00f3venes que dejan sus estudios.<\/p>\n<p><strong>Sostiene reuni\u00f3n de trabajo en la regi\u00f3n Oriente de Michoac\u00e1n\u00a0\u00a0 <\/strong><\/p>\n<p>Momentos previos a la inauguraci\u00f3n de la techumbre, el mandatario estatal sostuvo una reuni\u00f3n de trabajo con autoridades de la regi\u00f3n Oriente de Michoac\u00e1n, donde se comprometi\u00f3 a atender cada una de las necesidades del municipio de Jungapeo.<\/p>\n<p>En este sentido, destac\u00f3 que junto con los integrantes del gabinete revisar\u00e1 los proyectos, entre los que destacan la rehabilitaci\u00f3n de vialidades como es el caso de Jungapeo &#8211; La Mora; el abastecimiento de agua potable; la construcci\u00f3n de un auditorio municipal; as\u00ed como la edificaci\u00f3n de un \u00e1rea de usos m\u00faltiples para el CBTA &#8211; 240 y la recuperaci\u00f3n del centro ecotur\u00edstico de San Jos\u00e9 P\u00farua, adem\u00e1s de la atenci\u00f3n en temas relacionados con la salud. &#8220;Conozco de las dificultades y necesidades que enfrentan cada uno de los 113 presidentes municipales&#8221;, por ello manifest\u00f3 su inter\u00e9s de trabajar de manera coordinada con los ayuntamientos.<\/p>\n<p>En su oportunidad, el presidente municipal de Jungapeo, Javier Hern\u00e1ndez Rivera lament\u00f3 que anteriores administraciones hayan dejado de lado la educaci\u00f3n, campo y salud de los habitantes.&#8221; Sabemos Gobernador que con el trabajo coordinado saldremos adelante&#8221;.<\/p>\n<p>Cabe resaltar que el mandatario estatal entreg\u00f3 sillas de ruedas a habitantes del municipio y equipos de c\u00f3mputo al Ayuntamiento.<\/p>\n<p>A estas actividades asistieron el vocal ejecutivo del Centro Estatal para el Desarrollo Municipal, Carlos Alberto Paredes Correa; el secretario de Comunicaciones y Obras P\u00fablicas, Jos\u00e9 Juan Dom\u00ednguez L\u00f3pez; la directora general del Instituto de la Infraestructura F\u00edsica Educativa, Mar\u00eda Guadalupe D\u00edaz Chagolla; el director local de la Comisi\u00f3n Nacional del Agua y enlace del Gobierno Federal en la regi\u00f3n, Oswaldo Rodr\u00edguez Guti\u00e9rrez; el secretario particular del Gobernador, Marco Aurelio Nava Cervantes; el presidente de la Junta de Coordinaci\u00f3n Pol\u00edtica del Congreso del Estado, Pascual S\u00edgala P\u00e1ez, adem\u00e1s de los alcaldes de Charo, Epitacio Huerta, Irimbo,\u00a0 Ocampo, Tuxpan y Zit\u00e1cuaro, as\u00ed como de diversas autoridades estatales y municipales.<\/p>\n","protected":false},"excerpt":{"rendered":"<p>Uno de mis principales compromisos es con la educaci\u00f3n, porque de no dar la atenci\u00f3n adecuada el estado no aspirar\u00e1 a la transformaci\u00f3n social, econ\u00f3mica y pol\u00edtica que requiere,<\/p>\n","protected":false},"author":1,"featured_media":22248,"comment_status":"open","ping_status":"open","sticky":false,"template":"","format":"standard","meta":{"footnotes":""},"categories":[14,3],"tags":[],"class_list":["post-22247","post","type-post","status-publish","format-standard","has-post-thumbnail","hentry","category-destacadas","category-gobierno-del-estado-de-michoacan"],"_links":{"self":[{"href":"https:\/\/radiowebmx.com\/nota\/wp-json\/wp\/v2\/posts\/22247","targetHints":{"allow":["GET"]}}],"collection":[{"href":"https:\/\/radiowebmx.com\/nota\/wp-json\/wp\/v2\/posts"}],"about":[{"href":"https:\/\/radiowebmx.com\/nota\/wp-json\/wp\/v2\/types\/post"}],"author":[{"embeddable":true,"href":"https:\/\/radiowebmx.com\/nota\/wp-json\/wp\/v2\/users\/1"}],"replies":[{"embeddable":true,"href":"https:\/\/radiowebmx.com\/nota\/wp-json\/wp\/v2\/comments?post=22247"}],"version-history":[{"count":1,"href":"https:\/\/radiowebmx.com\/nota\/wp-json\/wp\/v2\/posts\/22247\/revisions"}],"predecessor-version":[{"id":22249,"href":"https:\/\/radiowebmx.com\/nota\/wp-json\/wp\/v2\/posts\/22247\/revisions\/22249"}],"wp:featuredmedia":[{"embeddable":true,"href":"https:\/\/radiowebmx.com\/nota\/wp-json\/wp\/v2\/media\/22248"}],"wp:attachment":[{"href":"https:\/\/radiowebmx.com\/nota\/wp-json\/wp\/v2\/media?parent=22247"}],"wp:term":[{"taxonomy":"category","embeddable":true,"href":"https:\/\/radiowebmx.com\/nota\/wp-json\/wp\/v2\/categories?post=22247"},{"taxonomy":"post_tag","embeddable":true,"href":"https:\/\/radiowebmx.com\/nota\/wp-json\/wp\/v2\/tags?post=22247"}],"curies":[{"name":"wp","href":"https:\/\/api.w.org\/{rel}","templated":true}]}}