{"id":22239,"date":"2016-03-22T12:25:45","date_gmt":"2016-03-22T18:25:45","guid":{"rendered":"https:\/\/radiowebmx.com\/nota\/?p=22239"},"modified":"2016-03-22T12:25:45","modified_gmt":"2016-03-22T18:25:45","slug":"legal-y-trasparente-la-suspension-del-cambio-de-modalidades-del-transporte","status":"publish","type":"post","link":"https:\/\/radiowebmx.com\/nota\/legal-y-trasparente-la-suspension-del-cambio-de-modalidades-del-transporte\/","title":{"rendered":"Legal y trasparente, la suspensi\u00f3n del cambio de modalidades del transporte"},"content":{"rendered":"<p><a href=\"https:\/\/radiowebmx.com\/nota\/wp-content\/uploads\/2016\/03\/04149180-577b-42e3-a166-762e7c3750e1.jpg\"><img loading=\"lazy\" decoding=\"async\" class=\"alignleft size-full wp-image-22237\" src=\"https:\/\/radiowebmx.com\/nota\/wp-content\/uploads\/2016\/03\/04149180-577b-42e3-a166-762e7c3750e1.jpg\" alt=\"04149180-577b-42e3-a166-762e7c3750e1\" width=\"591\" height=\"206\" srcset=\"https:\/\/radiowebmx.com\/nota\/wp-content\/uploads\/2016\/03\/04149180-577b-42e3-a166-762e7c3750e1.jpg 591w, https:\/\/radiowebmx.com\/nota\/wp-content\/uploads\/2016\/03\/04149180-577b-42e3-a166-762e7c3750e1-300x105.jpg 300w\" sizes=\"auto, (max-width: 591px) 100vw, 591px\" \/><\/a>Los cambios de modalidad forman parte del proceso del reordenamiento del transporte que instruy\u00f3 el Gobernador Silvano Aureoles Conejo, indic\u00f3 la titular de la Comisi\u00f3n Coordinadora del Transporte P\u00fablico de Michoac\u00e1n (Cocotra), Julieta Gallardo Mora.<\/p>\n<p>La funcionaria estatal descart\u00f3 que la suspensi\u00f3n de los cambios de modalidad interrumpa el proceso de modernizaci\u00f3n del transporte, y se\u00f1al\u00f3 que los concesionarios est\u00e1n obligados a modernizar sus unidades, pero dentro del marco que establece la modalidad bajo la que obtuvieron sus concesiones.<\/p>\n<p>\u201cPermitir en estos momentos el cambio de modalidad ocasionar\u00eda un inmediato incremento de unidades en rutas que ya est\u00e1n saturadas y conflictos entre transportistas, lo que complicar\u00eda el proceso de regularizaci\u00f3n\u201d, se\u00f1al\u00f3 Julieta Gallardo.<\/p>\n<p>Por ello, la Cocotra trabaja para realizar un dictamen t\u00e9cnico que exponga la situaci\u00f3n de rutas y ramales de los 113 municipios de la entidad. \u201cUna vez que se cuente con ese an\u00e1lisis, se revalorar\u00e1n la autorizaci\u00f3n tanto de los cambios de modalidad como de las concesiones\u201d, anticip\u00f3.<\/p>\n<p>El problema en el sector, expuso, es que durante a\u00f1os se entregaron concesiones y cambios de modalidad sin estudios de campo ni an\u00e1lisis de rutas, y ello ha generado saturaci\u00f3n y mala distribuci\u00f3n en el dise\u00f1o de rutas y ramales, que frecuentemente son motivo de conflictos en el sector.<\/p>\n<p>Por ello, \u201ces urgente realizar esos estudios para detectar la ra\u00edz de los problemas y buscar soluciones junto con los concesionarios y los operadores del transporte p\u00fablico de pasajeros\u201d, enfatiz\u00f3 Julieta Gallardo Mora.<\/p>\n<p>Por \u00faltimo, refiri\u00f3 que tanto los cambios de modalidad como el otorgamiento de concesiones s\u00f3lo pueden realizarse con base en un diagn\u00f3stico de las rutas y ramales de la entidad, en el que trabaja Cocotra.<\/p>\n","protected":false},"excerpt":{"rendered":"<p>Los cambios de modalidad forman parte del proceso del reordenamiento del transporte que instruy\u00f3 el Gobernador Silvano Aureoles Conejo, indic\u00f3 la titular de la Comisi\u00f3n Coordinadora del Transporte P\u00fablico de Michoac\u00e1n (Cocotra), Julieta Gallardo Mora. La funcionaria estatal descart\u00f3 que la suspensi\u00f3n de los cambios de modalidad interrumpa el proceso de modernizaci\u00f3n del transporte, y [&hellip;]<\/p>\n","protected":false},"author":1,"featured_media":22237,"comment_status":"open","ping_status":"open","sticky":false,"template":"","format":"standard","meta":{"footnotes":""},"categories":[14,3],"tags":[],"class_list":["post-22239","post","type-post","status-publish","format-standard","has-post-thumbnail","hentry","category-destacadas","category-gobierno-del-estado-de-michoacan"],"_links":{"self":[{"href":"https:\/\/radiowebmx.com\/nota\/wp-json\/wp\/v2\/posts\/22239","targetHints":{"allow":["GET"]}}],"collection":[{"href":"https:\/\/radiowebmx.com\/nota\/wp-json\/wp\/v2\/posts"}],"about":[{"href":"https:\/\/radiowebmx.com\/nota\/wp-json\/wp\/v2\/types\/post"}],"author":[{"embeddable":true,"href":"https:\/\/radiowebmx.com\/nota\/wp-json\/wp\/v2\/users\/1"}],"replies":[{"embeddable":true,"href":"https:\/\/radiowebmx.com\/nota\/wp-json\/wp\/v2\/comments?post=22239"}],"version-history":[{"count":1,"href":"https:\/\/radiowebmx.com\/nota\/wp-json\/wp\/v2\/posts\/22239\/revisions"}],"predecessor-version":[{"id":22240,"href":"https:\/\/radiowebmx.com\/nota\/wp-json\/wp\/v2\/posts\/22239\/revisions\/22240"}],"wp:featuredmedia":[{"embeddable":true,"href":"https:\/\/radiowebmx.com\/nota\/wp-json\/wp\/v2\/media\/22237"}],"wp:attachment":[{"href":"https:\/\/radiowebmx.com\/nota\/wp-json\/wp\/v2\/media?parent=22239"}],"wp:term":[{"taxonomy":"category","embeddable":true,"href":"https:\/\/radiowebmx.com\/nota\/wp-json\/wp\/v2\/categories?post=22239"},{"taxonomy":"post_tag","embeddable":true,"href":"https:\/\/radiowebmx.com\/nota\/wp-json\/wp\/v2\/tags?post=22239"}],"curies":[{"name":"wp","href":"https:\/\/api.w.org\/{rel}","templated":true}]}}