{"id":22236,"date":"2016-03-22T12:23:52","date_gmt":"2016-03-22T18:23:52","guid":{"rendered":"https:\/\/radiowebmx.com\/nota\/?p=22236"},"modified":"2016-03-22T12:23:52","modified_gmt":"2016-03-22T18:23:52","slug":"alumnos-de-enfermeria-del-conalep-estrechan-vinculos-con-el-sector-salud","status":"publish","type":"post","link":"https:\/\/radiowebmx.com\/nota\/alumnos-de-enfermeria-del-conalep-estrechan-vinculos-con-el-sector-salud\/","title":{"rendered":"Alumnos de Enfermer\u00eda del Conalep estrechan v\u00ednculos con el sector salud"},"content":{"rendered":"<p><a href=\"https:\/\/radiowebmx.com\/nota\/wp-content\/uploads\/2016\/03\/04149180-577b-42e3-a166-762e7c3750e1.jpg\"><img loading=\"lazy\" decoding=\"async\" class=\"alignleft size-full wp-image-22237\" src=\"https:\/\/radiowebmx.com\/nota\/wp-content\/uploads\/2016\/03\/04149180-577b-42e3-a166-762e7c3750e1.jpg\" alt=\"04149180-577b-42e3-a166-762e7c3750e1\" width=\"591\" height=\"206\" srcset=\"https:\/\/radiowebmx.com\/nota\/wp-content\/uploads\/2016\/03\/04149180-577b-42e3-a166-762e7c3750e1.jpg 591w, https:\/\/radiowebmx.com\/nota\/wp-content\/uploads\/2016\/03\/04149180-577b-42e3-a166-762e7c3750e1-300x105.jpg 300w\" sizes=\"auto, (max-width: 591px) 100vw, 591px\" \/><\/a>\u201cManejo del Neonato Cr\u00edtico\u201d, \u201cZika\u201d y \u201cFiebre por Dengue\u201d, fueron algunos de los temas tratados por m\u00e9dicos especialistas de la Jurisdicci\u00f3n Sanitaria n\u00famero 2 durante la Primera Jornada de Enfermer\u00eda, celebrada en el Colegio de Educaci\u00f3n Profesional T\u00e9cnica del Estado de Michoac\u00e1n (Conalep Michoac\u00e1n), plantel Sahuayo.<\/p>\n<p>La directora del Conalep Michoac\u00e1n, Minerva Bautista G\u00f3mez, manifest\u00f3 que la jornada acad\u00e9mica permiti\u00f3 a los alumnos y alumnas establecer v\u00ednculos con el personal que ya est\u00e1 dentro del sistema de salud p\u00fablica.<\/p>\n<p>Durante la clausura del evento, la funcionaria estatal inform\u00f3 a los estudiantes que la Direcci\u00f3n del subsistema trabaja en coordinaci\u00f3n con la Secretar\u00eda de Salud de Michoac\u00e1n para ampliar sus posibilidades en el campo de pr\u00e1cticas profesionales.<\/p>\n<p>Adem\u00e1s de los temas m\u00e9dicos, los j\u00f3venes recibieron charlas sobre m\u00e9todos alternativos, como la risoterapia,\u00a0 pr\u00e1cticas que pueden llevar a cabo con sus pacientes.<\/p>\n<p>Los poco m\u00e1s de 100 estudiantes de segundo y cuarto semestre de la carrera t\u00e9cnica de Enfermer\u00eda que asistieron a las conferencias ofrecidas en el auditorio de la instituci\u00f3n, recibieron de manos de directivos del Conalep Michoac\u00e1n y representantes del Gobierno Municipal de Sahuayo constancia de su participaci\u00f3n.<\/p>\n","protected":false},"excerpt":{"rendered":"<p>\u201cManejo del Neonato Cr\u00edtico\u201d, \u201cZika\u201d y \u201cFiebre por Dengue\u201d, fueron algunos de los temas tratados por m\u00e9dicos especialistas de la Jurisdicci\u00f3n Sanitaria n\u00famero 2 durante la Primera Jornada de Enfermer\u00eda, celebrada en el Conalep Michoac\u00e1n,<\/p>\n","protected":false},"author":1,"featured_media":22237,"comment_status":"open","ping_status":"open","sticky":false,"template":"","format":"standard","meta":{"footnotes":""},"categories":[14,3],"tags":[],"class_list":["post-22236","post","type-post","status-publish","format-standard","has-post-thumbnail","hentry","category-destacadas","category-gobierno-del-estado-de-michoacan"],"_links":{"self":[{"href":"https:\/\/radiowebmx.com\/nota\/wp-json\/wp\/v2\/posts\/22236","targetHints":{"allow":["GET"]}}],"collection":[{"href":"https:\/\/radiowebmx.com\/nota\/wp-json\/wp\/v2\/posts"}],"about":[{"href":"https:\/\/radiowebmx.com\/nota\/wp-json\/wp\/v2\/types\/post"}],"author":[{"embeddable":true,"href":"https:\/\/radiowebmx.com\/nota\/wp-json\/wp\/v2\/users\/1"}],"replies":[{"embeddable":true,"href":"https:\/\/radiowebmx.com\/nota\/wp-json\/wp\/v2\/comments?post=22236"}],"version-history":[{"count":1,"href":"https:\/\/radiowebmx.com\/nota\/wp-json\/wp\/v2\/posts\/22236\/revisions"}],"predecessor-version":[{"id":22238,"href":"https:\/\/radiowebmx.com\/nota\/wp-json\/wp\/v2\/posts\/22236\/revisions\/22238"}],"wp:featuredmedia":[{"embeddable":true,"href":"https:\/\/radiowebmx.com\/nota\/wp-json\/wp\/v2\/media\/22237"}],"wp:attachment":[{"href":"https:\/\/radiowebmx.com\/nota\/wp-json\/wp\/v2\/media?parent=22236"}],"wp:term":[{"taxonomy":"category","embeddable":true,"href":"https:\/\/radiowebmx.com\/nota\/wp-json\/wp\/v2\/categories?post=22236"},{"taxonomy":"post_tag","embeddable":true,"href":"https:\/\/radiowebmx.com\/nota\/wp-json\/wp\/v2\/tags?post=22236"}],"curies":[{"name":"wp","href":"https:\/\/api.w.org\/{rel}","templated":true}]}}