{"id":22227,"date":"2016-03-18T15:00:44","date_gmt":"2016-03-18T21:00:44","guid":{"rendered":"https:\/\/radiowebmx.com\/nota\/?p=22227"},"modified":"2016-03-18T15:00:44","modified_gmt":"2016-03-18T21:00:44","slug":"conmemoran-autoridades-municipales-el-78-aniversario-de-la-expropiacion-petrolera","status":"publish","type":"post","link":"https:\/\/radiowebmx.com\/nota\/conmemoran-autoridades-municipales-el-78-aniversario-de-la-expropiacion-petrolera\/","title":{"rendered":"Conmemoran autoridades municipales el 78 Aniversario de la Expropiaci\u00f3n Petrolera"},"content":{"rendered":"<p><a href=\"https:\/\/radiowebmx.com\/nota\/wp-content\/uploads\/2016\/03\/daf93a6d-3864-41c6-9583-6f3151fd67a0.jpg\"><img loading=\"lazy\" decoding=\"async\" class=\"alignleft size-full wp-image-22228\" src=\"https:\/\/radiowebmx.com\/nota\/wp-content\/uploads\/2016\/03\/daf93a6d-3864-41c6-9583-6f3151fd67a0.jpg\" alt=\"daf93a6d-3864-41c6-9583-6f3151fd67a0\" width=\"591\" height=\"247\" srcset=\"https:\/\/radiowebmx.com\/nota\/wp-content\/uploads\/2016\/03\/daf93a6d-3864-41c6-9583-6f3151fd67a0.jpg 591w, https:\/\/radiowebmx.com\/nota\/wp-content\/uploads\/2016\/03\/daf93a6d-3864-41c6-9583-6f3151fd67a0-300x125.jpg 300w\" sizes=\"auto, (max-width: 591px) 100vw, 591px\" \/><\/a>A 78 a\u00f1os de que el General L\u00e1zaro C\u00e1rdenas del R\u00edo nacionalizara la industria petrolera como resultado de la Ley de Expropiaci\u00f3n y el decreto anunciado el 18 de marzo de 1938, los mexicanos deben ratificar su compromiso con esta acci\u00f3n hist\u00f3rica, ya que signific\u00f3 y significa un s\u00f3lido pelda\u00f1o para el desarrollo de las familias mexicanas, as\u00ed lo mencion\u00f3 el Ing. Jos\u00e9 V\u00edctor Vanegas Villa, director del Centro de Educaci\u00f3n Contin\u00faa Unidad Morelia del Instituto Polit\u00e9cnico Nacional (IPN) al fungir como orador oficial en el acto conmemorativo a este hecho.<\/p>\n<p>Durante su participaci\u00f3n, Jos\u00e9 Vanegas resalt\u00f3 que este d\u00eda tambi\u00e9n se recuerda a uno de los estadistas m\u00e1s importantes del pa\u00eds, quien adem\u00e1s de consolidar la independencia econ\u00f3mica nacional, la fortaleci\u00f3, organizando y legislando\u00a0 a favor de los trabajadores y sus familias, ya que a los campesinos los agrup\u00f3 en la Confederaci\u00f3n Nacional Campesina, a los Obreros en la Confederaci\u00f3n de los Trabajadores de M\u00e9xico y promulg\u00f3 el estatus jur\u00eddico de trabajadores al servicio del estado.<\/p>\n<p>Ante, el Presidente Municipal Alfonso Mart\u00ednez Alc\u00e1zar, el secretario de Gobierno Adri\u00e1n L\u00f3pez Sol\u00eds, Mar\u00eda Alejandra P\u00e9rez Gonz\u00e1lez, presidenta sustituta del Supremo Tribunal de Justicia, en representaci\u00f3n de la 21 Zona Militar el Mayor de infanter\u00eda Diplomado de Estado Mayor, Mart\u00edn Cornelio D\u00edaz, Medardo Serna Gonz\u00e1lez, rector de la Universidad Michoacana de San Nicol\u00e1s de Hidalgo, Erasmo Cadenas Calder\u00f3n subsecretario de Educaci\u00f3n Media Superior y Superior y\u00a0 Jonathan Cisneros Franco alumno distinguido de sexto a\u00f1o del internado Espa\u00f1a M\u00e9xico, Vanegas Villa record\u00f3 el legado que dej\u00f3 para los mexicanos el expresidente de M\u00e9xico L\u00e1zaro C\u00e1rdenas del R\u00edo.<\/p>\n<p>Enfatiz\u00f3 en que uno de los grandes logros de C\u00e1rdenas del R\u00edo fue la creaci\u00f3n de Petr\u00f3leos Mexicanos quien se define como un organismo p\u00fablico descentralizado del\u00a0 Gobierno Federal cuyo objetivo es la explotaci\u00f3n, refinaci\u00f3n, transporte, almacenamiento, distribuci\u00f3n de primera mano del petr\u00f3leo, gas artificial y los derivados del mismo.<\/p>\n<p>De igual forma resalt\u00f3 el aporte que realiz\u00f3 al sistema educativo en donde expuso que esta debe ser un gran instrumento del cambio social m\u00e1s que el prop\u00f3sito de una ideolog\u00eda pol\u00edtica deber\u00eda ser una educaci\u00f3n racionalista, popular e ind\u00edgena, para ello, dijo, duplic\u00f3\u00a0 las escuelas rurales e implant\u00f3 la educaci\u00f3n obrera, asimismo cre\u00f3 las escuelas &#8220;Hijos del Ej\u00e9rcito&#8221;, las Regionales Campesinas, los internados tipo transici\u00f3n, el Consejo Nacional de Educaci\u00f3n Superior y de Investigaci\u00f3n Cient\u00edfica, el Consejo T\u00e9cnico de Educaci\u00f3n Primaria, el Instituto Polit\u00e9cnico Nacional, por mencionar algunas.<\/p>\n<p>Finalmente, el director del Centro de Educaci\u00f3n Contin\u00faa Unidad Morelia del Instituto Polit\u00e9cnico Nacional (IPN) resalt\u00f3 la creaci\u00f3n de este Instituto, por parte del General L\u00e1zaro C\u00e1rdenas del R\u00edo, que a lo largo de 20 a\u00f1os ha brindado educaci\u00f3n de calidad a los j\u00f3venes del pa\u00eds.<\/p>\n","protected":false},"excerpt":{"rendered":"<p>A 78 a\u00f1os de que el General L\u00e1zaro C\u00e1rdenas del R\u00edo nacionalizara la industria petrolera como resultado de la Ley de Expropiaci\u00f3n y el decreto anunciado el 18 de marzo de 1938, los mexicanos deben ratificar su compromiso con esta acci\u00f3n hist\u00f3rica, ya que signific\u00f3 y significa un s\u00f3lido pelda\u00f1o para el desarrollo de las [&hellip;]<\/p>\n","protected":false},"author":1,"featured_media":22228,"comment_status":"open","ping_status":"open","sticky":false,"template":"","format":"standard","meta":{"footnotes":""},"categories":[14,9],"tags":[],"class_list":["post-22227","post","type-post","status-publish","format-standard","has-post-thumbnail","hentry","category-destacadas","category-morelia"],"_links":{"self":[{"href":"https:\/\/radiowebmx.com\/nota\/wp-json\/wp\/v2\/posts\/22227","targetHints":{"allow":["GET"]}}],"collection":[{"href":"https:\/\/radiowebmx.com\/nota\/wp-json\/wp\/v2\/posts"}],"about":[{"href":"https:\/\/radiowebmx.com\/nota\/wp-json\/wp\/v2\/types\/post"}],"author":[{"embeddable":true,"href":"https:\/\/radiowebmx.com\/nota\/wp-json\/wp\/v2\/users\/1"}],"replies":[{"embeddable":true,"href":"https:\/\/radiowebmx.com\/nota\/wp-json\/wp\/v2\/comments?post=22227"}],"version-history":[{"count":1,"href":"https:\/\/radiowebmx.com\/nota\/wp-json\/wp\/v2\/posts\/22227\/revisions"}],"predecessor-version":[{"id":22229,"href":"https:\/\/radiowebmx.com\/nota\/wp-json\/wp\/v2\/posts\/22227\/revisions\/22229"}],"wp:featuredmedia":[{"embeddable":true,"href":"https:\/\/radiowebmx.com\/nota\/wp-json\/wp\/v2\/media\/22228"}],"wp:attachment":[{"href":"https:\/\/radiowebmx.com\/nota\/wp-json\/wp\/v2\/media?parent=22227"}],"wp:term":[{"taxonomy":"category","embeddable":true,"href":"https:\/\/radiowebmx.com\/nota\/wp-json\/wp\/v2\/categories?post=22227"},{"taxonomy":"post_tag","embeddable":true,"href":"https:\/\/radiowebmx.com\/nota\/wp-json\/wp\/v2\/tags?post=22227"}],"curies":[{"name":"wp","href":"https:\/\/api.w.org\/{rel}","templated":true}]}}