{"id":22224,"date":"2016-03-18T14:59:17","date_gmt":"2016-03-18T20:59:17","guid":{"rendered":"https:\/\/radiowebmx.com\/nota\/?p=22224"},"modified":"2016-03-18T14:59:17","modified_gmt":"2016-03-18T20:59:17","slug":"morelia-esta-lista-para-recibir-al-turismo-alfonso-martinez","status":"publish","type":"post","link":"https:\/\/radiowebmx.com\/nota\/morelia-esta-lista-para-recibir-al-turismo-alfonso-martinez\/","title":{"rendered":"Morelia est\u00e1 lista para recibir al turismo: Alfonso Mart\u00ednez"},"content":{"rendered":"<p><a href=\"https:\/\/radiowebmx.com\/nota\/wp-content\/uploads\/2016\/03\/ba5f2ef3-a69f-49ad-96d4-e0c321706bd9.jpg\"><img loading=\"lazy\" decoding=\"async\" class=\"alignleft size-full wp-image-22225\" src=\"https:\/\/radiowebmx.com\/nota\/wp-content\/uploads\/2016\/03\/ba5f2ef3-a69f-49ad-96d4-e0c321706bd9.jpg\" alt=\"ba5f2ef3-a69f-49ad-96d4-e0c321706bd9\" width=\"591\" height=\"265\" srcset=\"https:\/\/radiowebmx.com\/nota\/wp-content\/uploads\/2016\/03\/ba5f2ef3-a69f-49ad-96d4-e0c321706bd9.jpg 591w, https:\/\/radiowebmx.com\/nota\/wp-content\/uploads\/2016\/03\/ba5f2ef3-a69f-49ad-96d4-e0c321706bd9-300x135.jpg 300w\" sizes=\"auto, (max-width: 591px) 100vw, 591px\" \/><\/a>Con la finalidad de garantizar la seguridad de los habitantes as\u00ed como de los turistas que visiten la capital michoacana durante el periodo vacacional de Semana Santa, el presidente municipal de Morelia Alfonso Mart\u00ednez Alc\u00e1zar particip\u00f3 en el arranque oficial del Operativo \u201cSemana Santa Segura 2016\u201d.<\/p>\n<p>En presencia del Gobernador del estado, Silvano Aureoles Conejo, el secretario de Seguridad P\u00fablica de Michoac\u00e1n, J. Antonio Bernal Bustamante, adem\u00e1s de la Secretaria de Turismo del Estado, Liliana L\u00f3pez Buenrostro y Jos\u00e9 Martin Godoy Castro Procurador de Justicia de Michoac\u00e1n,\u00a0 Alfonso Mart\u00ednez Alc\u00e1zar\u00a0 anunci\u00f3 que Morelia est\u00e1 listo para recibir a los turistas, no solamente en el \u00e1mbito de seguridad, sino mediante los prestadores de servicios como hoteleros y restauranteros.<\/p>\n<p>\u201cEstamos listos para poder recibir a la gente que vendr\u00e1 esta Semana Santa, no tengo dudas que con esta coordinaci\u00f3n que hay entre el gobierno federal, estatal y municipal y con la organizaci\u00f3n que hay en el gremio tur\u00edstico, hotelero y restaurantero, lograremos la confianza de los turistas para venir a nuestra ciudad\u201d.<\/p>\n<p>Alfonso Mart\u00ednez confi\u00f3 en que para que este a\u00f1o el n\u00famero de turistas que arriben a la capital moreliana, sea superior al que se registr\u00f3 en el 2015.<\/p>\n<p>Asimismo celebr\u00f3 la presencia de nueva cuenta en el Primer Cuadro de la ciudad, de visitantes extranjeros y grupos de turistas disfrutando de la belleza del centro de Morelia, ya que afirm\u00f3, \u201ces lo que queremos compartir con el mundo entero\u201d.<\/p>\n<p>Durante el operativo Semana Santa Segura 2016, se instalar\u00e1n m\u00f3dulos de atenci\u00f3n tur\u00edstica en diversos municipios incluyendo los Pueblos M\u00e1gicos y la capital michoacana, adem\u00e1s se desplegar\u00e1n elementos de la Polic\u00eda de Michoac\u00e1n, Militar, Federal, Gendarmer\u00eda y Protecci\u00f3n Civil en diversos puntos carreteros para garantizar la seguridad de los paseantes.<\/p>\n","protected":false},"excerpt":{"rendered":"<p>Con la finalidad de garantizar la seguridad de los habitantes as\u00ed como de los turistas que visiten la capital michoacana durante el periodo vacacional de Semana Santa,<\/p>\n","protected":false},"author":1,"featured_media":22225,"comment_status":"open","ping_status":"open","sticky":false,"template":"","format":"standard","meta":{"footnotes":""},"categories":[14,9],"tags":[],"class_list":["post-22224","post","type-post","status-publish","format-standard","has-post-thumbnail","hentry","category-destacadas","category-morelia"],"_links":{"self":[{"href":"https:\/\/radiowebmx.com\/nota\/wp-json\/wp\/v2\/posts\/22224","targetHints":{"allow":["GET"]}}],"collection":[{"href":"https:\/\/radiowebmx.com\/nota\/wp-json\/wp\/v2\/posts"}],"about":[{"href":"https:\/\/radiowebmx.com\/nota\/wp-json\/wp\/v2\/types\/post"}],"author":[{"embeddable":true,"href":"https:\/\/radiowebmx.com\/nota\/wp-json\/wp\/v2\/users\/1"}],"replies":[{"embeddable":true,"href":"https:\/\/radiowebmx.com\/nota\/wp-json\/wp\/v2\/comments?post=22224"}],"version-history":[{"count":1,"href":"https:\/\/radiowebmx.com\/nota\/wp-json\/wp\/v2\/posts\/22224\/revisions"}],"predecessor-version":[{"id":22226,"href":"https:\/\/radiowebmx.com\/nota\/wp-json\/wp\/v2\/posts\/22224\/revisions\/22226"}],"wp:featuredmedia":[{"embeddable":true,"href":"https:\/\/radiowebmx.com\/nota\/wp-json\/wp\/v2\/media\/22225"}],"wp:attachment":[{"href":"https:\/\/radiowebmx.com\/nota\/wp-json\/wp\/v2\/media?parent=22224"}],"wp:term":[{"taxonomy":"category","embeddable":true,"href":"https:\/\/radiowebmx.com\/nota\/wp-json\/wp\/v2\/categories?post=22224"},{"taxonomy":"post_tag","embeddable":true,"href":"https:\/\/radiowebmx.com\/nota\/wp-json\/wp\/v2\/tags?post=22224"}],"curies":[{"name":"wp","href":"https:\/\/api.w.org\/{rel}","templated":true}]}}