{"id":22218,"date":"2016-03-18T14:54:39","date_gmt":"2016-03-18T20:54:39","guid":{"rendered":"https:\/\/radiowebmx.com\/nota\/?p=22218"},"modified":"2016-03-18T14:54:39","modified_gmt":"2016-03-18T20:54:39","slug":"revisan-avances-del-plan-de-trabajo-anual-del-conalep-michoacan","status":"publish","type":"post","link":"https:\/\/radiowebmx.com\/nota\/revisan-avances-del-plan-de-trabajo-anual-del-conalep-michoacan\/","title":{"rendered":"Revisan avances del plan de trabajo anual del Conalep Michoac\u00e1n"},"content":{"rendered":"<p><a href=\"https:\/\/radiowebmx.com\/nota\/wp-content\/uploads\/2016\/03\/5183ca54-9ece-4921-9e0e-30b861970901.jpg\"><img loading=\"lazy\" decoding=\"async\" class=\"alignleft size-full wp-image-22219\" src=\"https:\/\/radiowebmx.com\/nota\/wp-content\/uploads\/2016\/03\/5183ca54-9ece-4921-9e0e-30b861970901.jpg\" alt=\"5183ca54-9ece-4921-9e0e-30b861970901\" width=\"591\" height=\"254\" srcset=\"https:\/\/radiowebmx.com\/nota\/wp-content\/uploads\/2016\/03\/5183ca54-9ece-4921-9e0e-30b861970901.jpg 591w, https:\/\/radiowebmx.com\/nota\/wp-content\/uploads\/2016\/03\/5183ca54-9ece-4921-9e0e-30b861970901-300x129.jpg 300w\" sizes=\"auto, (max-width: 591px) 100vw, 591px\" \/><\/a>Capacitar y analizar las estrategias del programa de trabajo 2015-2018 fue el principal objetivo de la primera reuni\u00f3n anual entre directivos de los 13 planteles del Colegio de Educaci\u00f3n Profesional T\u00e9cnica del Estado de Michoac\u00e1n (Conalep Michoac\u00e1n) y la titular del subsistema, Minerva Bautista G\u00f3mez<strong>. <\/strong><\/p>\n<p>A un mes de iniciado el segundo semestre del a\u00f1o escolar 2015-2016, se inform\u00f3 sobre los avances en las escuelas, entre los que destaca la puesta en marcha del nuevo equipo para talleres y laboratorios, entregado el pasado 9 de febrero por el Gobernador Silvano Aureoles Conejo.<\/p>\n<p>Como parte del Programa de Trabajo 2015-2018, se orient\u00f3 sobre la atenci\u00f3n a convocatorias acad\u00e9micas\u00a0 estatales y nacionales en las que puedan participar los estudiantes del Conalep Michoac\u00e1n.<\/p>\n<p>Para ello, Bautista G\u00f3mez destac\u00f3 como actividad prioritaria la capacitaci\u00f3n docente, acci\u00f3n que se ver\u00e1 reflejada en la instrucci\u00f3n educativa de los j\u00f3venes que cursan una de las 12 carreras t\u00e9cnicas con las que cuenta el Colegio.<\/p>\n<p>Tambi\u00e9n se actualiz\u00f3 a los directivos sobre el \u00e1rea administrativa y financiera, donde la titular del Conalep Michoac\u00e1n hizo hincapi\u00e9 en la importancia de transparentar cada uno de los tr\u00e1mites que est\u00e9n a cargo de los 13 directivos de plantel.<\/p>\n","protected":false},"excerpt":{"rendered":"<p>Capacitar y analizar las estrategias del programa de trabajo 2015-2018 fue el principal objetivo de la primera reuni\u00f3n anual entre directivos de los 13 planteles del Colegio de Educaci\u00f3n Profesional T\u00e9cnica del Estado de Michoac\u00e1n (Conalep Michoac\u00e1n) y la titular del subsistema, Minerva Bautista G\u00f3mez. A un mes de iniciado el segundo semestre del a\u00f1o [&hellip;]<\/p>\n","protected":false},"author":1,"featured_media":22219,"comment_status":"open","ping_status":"open","sticky":false,"template":"","format":"standard","meta":{"footnotes":""},"categories":[14,3],"tags":[],"class_list":["post-22218","post","type-post","status-publish","format-standard","has-post-thumbnail","hentry","category-destacadas","category-gobierno-del-estado-de-michoacan"],"_links":{"self":[{"href":"https:\/\/radiowebmx.com\/nota\/wp-json\/wp\/v2\/posts\/22218","targetHints":{"allow":["GET"]}}],"collection":[{"href":"https:\/\/radiowebmx.com\/nota\/wp-json\/wp\/v2\/posts"}],"about":[{"href":"https:\/\/radiowebmx.com\/nota\/wp-json\/wp\/v2\/types\/post"}],"author":[{"embeddable":true,"href":"https:\/\/radiowebmx.com\/nota\/wp-json\/wp\/v2\/users\/1"}],"replies":[{"embeddable":true,"href":"https:\/\/radiowebmx.com\/nota\/wp-json\/wp\/v2\/comments?post=22218"}],"version-history":[{"count":1,"href":"https:\/\/radiowebmx.com\/nota\/wp-json\/wp\/v2\/posts\/22218\/revisions"}],"predecessor-version":[{"id":22220,"href":"https:\/\/radiowebmx.com\/nota\/wp-json\/wp\/v2\/posts\/22218\/revisions\/22220"}],"wp:featuredmedia":[{"embeddable":true,"href":"https:\/\/radiowebmx.com\/nota\/wp-json\/wp\/v2\/media\/22219"}],"wp:attachment":[{"href":"https:\/\/radiowebmx.com\/nota\/wp-json\/wp\/v2\/media?parent=22218"}],"wp:term":[{"taxonomy":"category","embeddable":true,"href":"https:\/\/radiowebmx.com\/nota\/wp-json\/wp\/v2\/categories?post=22218"},{"taxonomy":"post_tag","embeddable":true,"href":"https:\/\/radiowebmx.com\/nota\/wp-json\/wp\/v2\/tags?post=22218"}],"curies":[{"name":"wp","href":"https:\/\/api.w.org\/{rel}","templated":true}]}}