{"id":22212,"date":"2016-03-18T14:50:47","date_gmt":"2016-03-18T20:50:47","guid":{"rendered":"https:\/\/radiowebmx.com\/nota\/?p=22212"},"modified":"2016-03-18T14:50:47","modified_gmt":"2016-03-18T20:50:47","slug":"retira-gobierno-municipal-estructuras-que-obstruian-libre-transito-en-calles","status":"publish","type":"post","link":"https:\/\/radiowebmx.com\/nota\/retira-gobierno-municipal-estructuras-que-obstruian-libre-transito-en-calles\/","title":{"rendered":"Retira Gobierno Municipal estructuras que obstru\u00edan libre tr\u00e1nsito en calles"},"content":{"rendered":"<p><a href=\"https:\/\/radiowebmx.com\/nota\/wp-content\/uploads\/2016\/03\/6e20ff06-66e5-4c46-8015-6fb5b8c47fda.jpg\"><img loading=\"lazy\" decoding=\"async\" class=\"alignleft size-full wp-image-22213\" src=\"https:\/\/radiowebmx.com\/nota\/wp-content\/uploads\/2016\/03\/6e20ff06-66e5-4c46-8015-6fb5b8c47fda.jpg\" alt=\"6e20ff06-66e5-4c46-8015-6fb5b8c47fda\" width=\"591\" height=\"324\" srcset=\"https:\/\/radiowebmx.com\/nota\/wp-content\/uploads\/2016\/03\/6e20ff06-66e5-4c46-8015-6fb5b8c47fda.jpg 591w, https:\/\/radiowebmx.com\/nota\/wp-content\/uploads\/2016\/03\/6e20ff06-66e5-4c46-8015-6fb5b8c47fda-300x164.jpg 300w\" sizes=\"auto, (max-width: 591px) 100vw, 591px\" \/><\/a>El Ayuntamiento de Morelia reafirma su compromiso con la legalidad y el derecho inalienable del libre tr\u00e1nsito de la ciudadan\u00eda, por ello, a trav\u00e9s de las \u00e1reas correspondientes, emprendi\u00f3 acciones para remover las estructuras que obstru\u00edan vialidades en el municipio.<\/p>\n<p>En este operativo particip\u00f3 personal de la Secretar\u00eda del Ayuntamiento, Sindicatura, la Secretar\u00eda de Desarrollo Metropolitano e Infraestructura, Seguridad Ciudadana y la Comisi\u00f3n Estatal de Derechos Humanos, quienes corroboraron en todo momento que no se violentara la integridad de persona alguna.<\/p>\n<p>Jes\u00fas \u00c1valos Plata, Secretario del Ayuntamiento, detall\u00f3 que las estructuras removidas fueron colocadas por algunos vecinos, como una medida de seguridad para regular el acceso de personas a ese lugar.<\/p>\n<p>No obstante, explic\u00f3 que este tipo de acciones no est\u00e1n permitidas en el municipio, ya que trasgreden el derecho al libre tr\u00e1nsito al no permitir que la ciudadan\u00eda e incluso los mismos vecinos de esa zona, puedan trasladarse con libertad.<\/p>\n<p>Indic\u00f3 que para garantizar orden en la ciudad, es necesario que impere la legalidad para establecer las condiciones necesarias de desarrollo y bienestar.<\/p>\n<p>Resalt\u00f3 que en el tema de seguridad, el Gobierno Municipal est\u00e1 dando pasos contundentes al fortalecer sus instituciones e incrementar el n\u00famero de polic\u00edas municipales, para as\u00ed ampliar los patrullajes en Morelia y brindar un servicio a la altura de las necesidades de los morelianos.<\/p>\n","protected":false},"excerpt":{"rendered":"<p>El Ayuntamiento de Morelia reafirma su compromiso con la legalidad y el derecho inalienable del libre tr\u00e1nsito de la ciudadan\u00eda, por ello, a trav\u00e9s de las \u00e1reas correspondientes, emprendi\u00f3 acciones para remover las estructuras que obstru\u00edan vialidades en el municipio. En este operativo particip\u00f3 personal de la Secretar\u00eda del Ayuntamiento, Sindicatura, la Secretar\u00eda de Desarrollo [&hellip;]<\/p>\n","protected":false},"author":1,"featured_media":22213,"comment_status":"open","ping_status":"open","sticky":false,"template":"","format":"standard","meta":{"footnotes":""},"categories":[14,9],"tags":[],"class_list":["post-22212","post","type-post","status-publish","format-standard","has-post-thumbnail","hentry","category-destacadas","category-morelia"],"_links":{"self":[{"href":"https:\/\/radiowebmx.com\/nota\/wp-json\/wp\/v2\/posts\/22212","targetHints":{"allow":["GET"]}}],"collection":[{"href":"https:\/\/radiowebmx.com\/nota\/wp-json\/wp\/v2\/posts"}],"about":[{"href":"https:\/\/radiowebmx.com\/nota\/wp-json\/wp\/v2\/types\/post"}],"author":[{"embeddable":true,"href":"https:\/\/radiowebmx.com\/nota\/wp-json\/wp\/v2\/users\/1"}],"replies":[{"embeddable":true,"href":"https:\/\/radiowebmx.com\/nota\/wp-json\/wp\/v2\/comments?post=22212"}],"version-history":[{"count":1,"href":"https:\/\/radiowebmx.com\/nota\/wp-json\/wp\/v2\/posts\/22212\/revisions"}],"predecessor-version":[{"id":22214,"href":"https:\/\/radiowebmx.com\/nota\/wp-json\/wp\/v2\/posts\/22212\/revisions\/22214"}],"wp:featuredmedia":[{"embeddable":true,"href":"https:\/\/radiowebmx.com\/nota\/wp-json\/wp\/v2\/media\/22213"}],"wp:attachment":[{"href":"https:\/\/radiowebmx.com\/nota\/wp-json\/wp\/v2\/media?parent=22212"}],"wp:term":[{"taxonomy":"category","embeddable":true,"href":"https:\/\/radiowebmx.com\/nota\/wp-json\/wp\/v2\/categories?post=22212"},{"taxonomy":"post_tag","embeddable":true,"href":"https:\/\/radiowebmx.com\/nota\/wp-json\/wp\/v2\/tags?post=22212"}],"curies":[{"name":"wp","href":"https:\/\/api.w.org\/{rel}","templated":true}]}}