{"id":22192,"date":"2016-03-17T13:07:12","date_gmt":"2016-03-17T19:07:12","guid":{"rendered":"https:\/\/radiowebmx.com\/nota\/?p=22192"},"modified":"2016-03-17T13:07:12","modified_gmt":"2016-03-17T19:07:12","slug":"temas-de-cafe-430","status":"publish","type":"post","link":"https:\/\/radiowebmx.com\/nota\/temas-de-cafe-430\/","title":{"rendered":"TEMAS DE CAF\u00c9"},"content":{"rendered":"<ul>\n<li><a href=\"https:\/\/radiowebmx.com\/nota\/wp-content\/uploads\/2013\/06\/temas-de-cafe.jpg\"><img loading=\"lazy\" decoding=\"async\" class=\"alignleft size-full wp-image-2805\" src=\"https:\/\/radiowebmx.com\/nota\/wp-content\/uploads\/2013\/06\/temas-de-cafe.jpg\" alt=\"temas de cafe\" width=\"295\" height=\"171\" \/><\/a>EL IMSS MEJORARA SU ATENCION<\/li>\n<li>RANCHO VIEJO \u00bfLO DEJAN MORIR?<\/li>\n<li>RESPETO Y DIALOGO DE ALTURA<\/li>\n<li>ASI EMPEZ\u00d3 HITLER Y MUSSOLINI<\/li>\n<\/ul>\n<p>&nbsp;<\/p>\n<p>&nbsp;<\/p>\n<p>Es buena noticia que el IMSS en Michoac\u00e1n, haya contratado a 123 doctores\u00a0 60 de ellos especialistas y el resto sus suplentes, para que no queden los servicios desatendidos, cuando tengan que descansar adem\u00e1s dijo el doctor Rom\u00e1n Acosta Rosales, delegado estatal del IMSS que en la Unidad de Medicina Familiar 80, se empezar\u00e1 a trabajar en la aplicaci\u00f3n del dec\u00e1logo impuesto, por la nueva direcci\u00f3n del IMSS a nivel nacional, ya m\u00e1s tarde se ampliar\u00e1 su aplicaci\u00f3n, a todos los niveles de atenci\u00f3n m\u00e9dica, con lo cual desde luego la poblaci\u00f3n derechohabiente del IMSS, deber\u00e1 recibir una mejor atenci\u00f3n tanto, en el aspecto administrativo como m\u00e9dico.<\/p>\n<p>2 MILLONES 300 MIL PERSONAS PROTEGIDAS<\/p>\n<p>Le reiteramos que son buenas todas las acciones, que hace el IMSS en Michoac\u00e1n porque tiene bajo su responsabilidad, a dos millones 300 mil personas,\u00a0 ya que en el r\u00e9gimen ordinario atiende, a un mill\u00f3n 200 mil personas mientras que en el IMSS Prospera, atiende a un mill\u00f3n cien mil personas, o sea casi la mitad de la poblaci\u00f3n total del estado, por lo que toda acci\u00f3n que realice el IMSS necesariamente, impacta en la salud de una buena parte de los michoacanos.<\/p>\n<p>La estructura que tiene el IMSS en Michoac\u00e1n, hasta ahora es la siguiente, vea usted 12 mil trabajadores en todas sus \u00e1reas, as\u00ed como 10 hospitales en el r\u00e9gimen ordinario, 45 unidades de medicina familiar y 337 unidades m\u00e9dicas rurales, bajo el r\u00e9gimen Prospera que son de enorme beneficio, para las personas que no cuentan con ninguna clase de atenci\u00f3n m\u00e9dica.<\/p>\n<p>MEDICINA HA LOGRADO LA REACREDITACION<\/p>\n<p>Todo un equipo interdisciplinario ha logrado, la re-acreditaci\u00f3n de la Facultada de Ciencias M\u00e9dicas y Biol\u00f3gicas, Dr. Ignacio Ch\u00e1vez de la Universidad Michoacana de San Nicol\u00e1s de Hidalgo, la misma que tiene una larga historia, ya que como se recordar\u00e1 la c\u00e1tedra de medicina, fue instaurada en esta ciudad, desde 1830 por el doctor Juan Manuel Gonz\u00e1lez Ure\u00f1a, en lo que era el hospital de San Juan de Dios, en el coraz\u00f3n del Centro Hist\u00f3rico de Morelia, exactamente hoy hace 186 a\u00f1os.<\/p>\n<p>Esta re- acreditaci\u00f3n ha sido posible, por el trabajo conjunto encabezado por la directora doctora Silvia Hern\u00e1ndez Capi, quien estuvo coordinando el trabajo de todo un equipo, donde destacan el doctor Alberto Rolando Ch\u00e1vez, quien es el subdirector y el doctor Juan\u00a0 Luis Vielma Sotelo, quienes trabajaron horas extras para cumplir con las exigencias,\u00a0 necesarias\u00a0 para lograr la re-acreditaci\u00f3n, la cual se logr\u00f3 por primera vez hace cinco a\u00f1os, cuando era director el doctor Agust\u00edn L\u00f3pez, y Silvia Hern\u00e1ndez era la subdirectora, por eso creemos que hoy esta facultad, es una de las mejores del centro del pa\u00eds.<\/p>\n<p>SILVIA HERNANDEZ DEMOSTRO SU CAPACIDAD<\/p>\n<p>En esta ocasi\u00f3n cumpli\u00f3 con los requisitos de la CIEEES,\u00a0 supervisa y aprueba los procedimientos administrativos, faltando solamente el dictamen del COMAEM, pero se tiene la seguridad se lograr\u00e1 su aprobaci\u00f3n, ya se cumpli\u00f3 con todo lo exigido, y en algunas cosas hasta de m\u00e1s, entre otras cosas se mejor\u00f3 la biblioteca y se ampliaron los espacios,\u00a0 en la misma Facultad de Medicina. Silvia proviene del IMSS y estuvo dentro de la terna, para ocupar la Secretaria de Salud en la entidad, donde seguramente podr\u00eda hacer un excelente trabajo, por la salud de los michoacanos.<\/p>\n<p>\u00bfRANCHO VIEJO LO DEJARAN MORIR FINALMENTE?<\/p>\n<p>Pocas veces la direcci\u00f3n de Fomento Tur\u00edstico de Michoac\u00e1n, ha estado bien recordamos cuando estuvo Dulce Aguirre, \u00a0tal vez ha sido el mejor tiempo para esta direcci\u00f3n ya que remoz\u00f3, los espacios que ten\u00edan\u00a0 destacando Rancho Viejo, un lugar enclavado en Los Azufres, uno de los lugares de privilegio natural, al oriente del estado\u00a0 que contaba con varias caba\u00f1as,\u00a0 con todo lo necesario para pasar noches de privilegio, en contacto directo con lo mejor de la naturaleza.<\/p>\n<p>Adem\u00e1s ten\u00eda paradores en Las Calabazas, a la orilla del mar a unos kil\u00f3metros de L\u00e1zaro C\u00e1rdenas, como\u00a0 27\u00a0 hect\u00e1reas en el lago de Cam\u00e9cuaro, otro bello lugar con aguas cristalinas, y desde luego el geyser de Ixtl\u00e1n de los Hervores,\u00a0 fuente termal a cuyo derredor se crearon instalaciones, un balneario, vestidores y restaurant, ha regresado a un patronato pero un tiempo, fue recuperado por Fomento Tur\u00edstico.<\/p>\n<p>EDUARDO QUINTANA SIN INTERES\u00a0 ALGUNO<\/p>\n<p>Las caba\u00f1as de Rancho Viejo en Los Azufres, m\u00e1s o menos se manten\u00eda funcionando mal, pero funcionaba m\u00e1s o menos con \u00a0decoro, pero recordar\u00e1 usted la semana pasada, hubo fuertes vientos y ventiscas con nieve, provocaron\u00a0 da\u00f1os al bosque y en los espacios del Rancho Viejo, hubo graves destrozos que evitan ofrecer un servicio adecuado a la gente, se requiere urgente atenci\u00f3n del gobierno a trav\u00e9s, de la Secretaria de Turismo para recobrar la \u00a0funcionalidad de este lugar. Esperamos que Liliana L\u00f3pez \u00a0haga algo en este aspecto.<\/p>\n<p>EL DIALOGO NO DEBE REBAJARSE, DEBE SER DE ALTURA<\/p>\n<p>Le hemos comentado que se vale que en las bancadas, haya diferencia de opiniones, divergencia en los asuntos internos, pero es necesario que desde luego el di\u00e1logo entre pares, se realice en un nivel de altura, sin agresiones siempre manteniendo el decoro, propio de damas y caballeros, porque consideramos que a estas alturas, tanto\u00a0 las diputadas como los diputados, han logrado una madurez intelectual, aunque hay algunas personas, que en pol\u00edtica son novatas, pero en las diferencias que hay entre los integrantes de la\u00a0 bancada del PRI, en el Congreso, debe existir respeto y talento pol\u00edtico.<\/p>\n<p>Para que si hubo heridas empiecen a cicatrizar, porque Michoac\u00e1n necesita hoy de bancadas responsables, deben dejar sus diferencias personales y de grupo, para despu\u00e9s porque hoy m\u00e1s que nunca se requiere, de una bancada priista unida y fuerte, para que logre defender con argumentos inteligentes, los derechos de los michoacanos porque una bancada dividida, le conviene primero al gobierno estatal y segundo, a los dem\u00e1s partidos ya que hoy se han convertido, en el hazmerre\u00edr por sus conductas a veces infantiles.<\/p>\n<p>NO MAS MINUTAS PARA LA CNTE: SILVANO<\/p>\n<p>Ayer el gobernador del estado dijo cosas interesantes, \u00a0en relaci\u00f3n a la CNTE entre otras cosas afirm\u00f3, que se encuentran al margen de la ley, porque no cuentan con la titularidad del contrato colectivo, afirm\u00f3 que por esa raz\u00f3n por haberles entregado, recursos en a\u00f1os anteriores ha sido advertido el gobierno estatal, que la CNTE no se encuentra dentro de la ley, por lo que primero los invit\u00f3 a ingresar a la legalidad, y despu\u00e9s les dijo que ya no habr\u00e1 m\u00e1s firma de minutas, mediante las cuales les hemos comentado en varias ocasiones, la econom\u00eda del estado se ha afectado notoriamente.<\/p>\n<p>Cada a\u00f1o desde hace como veinte a\u00f1os, les han firmado minutas el gobierno\u00a0 en turno, y as\u00ed les han entregado cientos de millones de pesos, miles de millones para ser m\u00e1s claros, de los cuales la CNTE nunca ha informado en qu\u00e9 y c\u00f3mo los invierte, y parece que esta entrega indiscriminada de recursos a la CNTE principalmente, se ha acabado y antes de signar convenios, deben entrar a la legalidad, claro que al mismo tiempo \u00a0el nuevo dirigente V\u00edctor \u00a0Manuel Zavala, tuvo la desfachatez de afirmar que ellos no son responsables, del quebranto financiero qu enfrenta el estado hoy.<\/p>\n<p>AS\u00cd EMPEZO HITLER Y BENITO MUSSOLINI<\/p>\n<p>Los nacionalismos son enfermos y debemos recordar, que as\u00ed empezaron tanto Benito Mussolini y Adolfo Hitler, exacerbando el nacionalismo tanto de los italianos como de los alemanes, y todo termin\u00f3 en un gran holocausto, Mussolini con su fascismo y Adolfo con su nacionalismo, que dio origen al nazismo, que era muy parecido al fascismo de Mussolini, y terminaron impulsando la segunda guerra mundial, por el odio racial y as\u00ed empez\u00f3 hace varios meses Donald Trump, como una broma pesada pero broma y poco a poco, esa broma se ha convertido en una pesadilla.<\/p>\n<p>Porque Donald con su discurso lleno de odio, para los mexicanos se ha posicionado como el virtual candidato, de los republicanos a la presidencia de los Estados Unidos, y lo que m\u00e1s asusta es que ha sido capaz de subyugar a muchos latinos, aunque claro se tiene la esperanza de que finalmente Hillary, lo ponga en su lugar porque parece inminente el choque entre Trump, y Hillary la esposa de Clinton. Pero la actitud de Trump ha causado serios da\u00f1os, a miles de mexicanos quienes tienen que soportar, las burlas y agresiones de los seguidores de este gringo loco.<\/p>\n","protected":false},"excerpt":{"rendered":"<p>\u2022\tEL IMSS MEJORARA SU ATENCION<br \/>\n\u2022\tRANCHO VIEJO \u00bfLO DEJAN MORIR?<br \/>\n\u2022\tRESPETO Y DIALOGO DE ALTURA<br \/>\n\u2022\tASI EMPEZ\u00d3 HITLER Y MUSSOLINI<\/p>\n","protected":false},"author":1,"featured_media":0,"comment_status":"open","ping_status":"open","sticky":false,"template":"","format":"standard","meta":{"footnotes":""},"categories":[4,14,10],"tags":[],"class_list":["post-22192","post","type-post","status-publish","format-standard","hentry","category-columnistas","category-destacadas","category-juan-manuel-belmonte"],"_links":{"self":[{"href":"https:\/\/radiowebmx.com\/nota\/wp-json\/wp\/v2\/posts\/22192","targetHints":{"allow":["GET"]}}],"collection":[{"href":"https:\/\/radiowebmx.com\/nota\/wp-json\/wp\/v2\/posts"}],"about":[{"href":"https:\/\/radiowebmx.com\/nota\/wp-json\/wp\/v2\/types\/post"}],"author":[{"embeddable":true,"href":"https:\/\/radiowebmx.com\/nota\/wp-json\/wp\/v2\/users\/1"}],"replies":[{"embeddable":true,"href":"https:\/\/radiowebmx.com\/nota\/wp-json\/wp\/v2\/comments?post=22192"}],"version-history":[{"count":1,"href":"https:\/\/radiowebmx.com\/nota\/wp-json\/wp\/v2\/posts\/22192\/revisions"}],"predecessor-version":[{"id":22193,"href":"https:\/\/radiowebmx.com\/nota\/wp-json\/wp\/v2\/posts\/22192\/revisions\/22193"}],"wp:attachment":[{"href":"https:\/\/radiowebmx.com\/nota\/wp-json\/wp\/v2\/media?parent=22192"}],"wp:term":[{"taxonomy":"category","embeddable":true,"href":"https:\/\/radiowebmx.com\/nota\/wp-json\/wp\/v2\/categories?post=22192"},{"taxonomy":"post_tag","embeddable":true,"href":"https:\/\/radiowebmx.com\/nota\/wp-json\/wp\/v2\/tags?post=22192"}],"curies":[{"name":"wp","href":"https:\/\/api.w.org\/{rel}","templated":true}]}}