{"id":22151,"date":"2016-03-17T11:09:13","date_gmt":"2016-03-17T17:09:13","guid":{"rendered":"https:\/\/radiowebmx.com\/nota\/?p=22151"},"modified":"2016-03-17T11:09:13","modified_gmt":"2016-03-17T17:09:13","slug":"jovenes-morelianos-ayudaran-en-el-desarrollo-urbano-y-social-del-municipio","status":"publish","type":"post","link":"https:\/\/radiowebmx.com\/nota\/jovenes-morelianos-ayudaran-en-el-desarrollo-urbano-y-social-del-municipio\/","title":{"rendered":"J\u00f3venes morelianos ayudar\u00e1n en el desarrollo urbano  y social del municipio"},"content":{"rendered":"<p><a href=\"https:\/\/radiowebmx.com\/nota\/wp-content\/uploads\/2016\/03\/aa93968b-dc8e-4855-a9df-1fbcb74c581c.jpg\"><img loading=\"lazy\" decoding=\"async\" class=\"alignleft size-full wp-image-22152\" src=\"https:\/\/radiowebmx.com\/nota\/wp-content\/uploads\/2016\/03\/aa93968b-dc8e-4855-a9df-1fbcb74c581c.jpg\" alt=\"aa93968b-dc8e-4855-a9df-1fbcb74c581c\" width=\"591\" height=\"260\" srcset=\"https:\/\/radiowebmx.com\/nota\/wp-content\/uploads\/2016\/03\/aa93968b-dc8e-4855-a9df-1fbcb74c581c.jpg 591w, https:\/\/radiowebmx.com\/nota\/wp-content\/uploads\/2016\/03\/aa93968b-dc8e-4855-a9df-1fbcb74c581c-300x132.jpg 300w\" sizes=\"auto, (max-width: 591px) 100vw, 591px\" \/><\/a>Con el objetivo de invitar a los j\u00f3venes a generar ideas que ayuden a presentar temas de car\u00e1cter urbano y que mejoren la calidad de vida de la sociedad, el Ayuntamiento de Morelia a trav\u00e9s del Instituto Municipal de Planeaci\u00f3n (IMPLAN), la Secretar\u00eda de Efectividad e Innovaci\u00f3n Gubernamental, la Secretar\u00eda del Ayuntamiento y el Instituto de la Juventud Moreliana (IJUM), dieron a conocer la convocatoria Mayors Chellenge 2016.<\/p>\n<p>En rueda de prensa, el director del IMPLAN Pedro Cital Beltr\u00e1n explic\u00f3 que esta convocatoria lanzada por Bloomnerg Philanthropies va dirigida a ciudades de Latinoam\u00e9rica y del Caribe, para que presenten ideas innovadoras y as\u00ed resolver problemas espec\u00edficos que puedan replicarse en otras ciudades, por lo que el municipio de Morelia quiere participar con ayuda de quienes mejor conocen la capital del estado, que son los ciudadanos.<\/p>\n<p>Cabe mencionar que con estas acciones se cumple con la instrucci\u00f3n del Presidente Municipal, Alfonso Mart\u00ednez Alc\u00e1zar de ser un gobierno abierto e incluyente, en donde se permita tomar en cuenta la opini\u00f3n de la ciudadan\u00eda para impulsar el desarrollo de Morelia.<\/p>\n<p>Ante Antonio Plaza Urbina, titular de la Secretar\u00eda de Efectividad e Innovaci\u00f3n Gubernamental, Ana Cristina Prado, Directora del IJUM y Armando Espejel Cort\u00e9s Jefe de la Oficina de Asuntos Internacionales, Pedro Cital asegur\u00f3 que la convocatoria estar\u00e1 abierta hasta el pr\u00f3ximo 30 de marzo, por lo que los interesados en participar podr\u00e1n inscribirse en la p\u00e1gina de internet\u00a0 <a class=\"\" href=\"http:\/\/www.implanmorelia.org\/noticias\/challenge\" target=\"\">www.implanmorelia.org\/noticias\/challenge<\/a>.<\/p>\n<p>Cital Beltr\u00e1n, puntualiz\u00f3 que las ciudades que resulten ganadoras ser\u00e1n acreedoras de premios econ\u00f3micos que incentiven la realizaci\u00f3n de los proyectos propuestos por los morelianos.<\/p>\n<p>\u201cQueremos que Morelia aproveche esta propuesta de identificaci\u00f3n de un problema, pero sobre todo del planteamiento de soluciones innovadoras con una visi\u00f3n de sustentabilidad\u201d explic\u00f3 Pedro Cital.<\/p>\n<p>Por su parte el secretario de Efectividad e Innovaci\u00f3n Gubernamental, Antonio Plaza Urbina, refiri\u00f3 que los j\u00f3venes participar\u00e1n con ideas de c\u00f3mo quieren ver a futuro la ciudad, por lo que esta iniciativa se enmarca en el Plan de Gran Visi\u00f3n Morelia Next.<\/p>\n<p>Plaza Urbina, asegur\u00f3 que una de las ideas a futuro es la de crear un Distrito Creativo Digital, Distrito 4.0, con actividades vinculadas a la econom\u00eda del conocimiento, la creatividad y la tecnolog\u00eda, para lo cual se pretende la transformaci\u00f3n de la antigua central de autobuses.<\/p>\n<p>\u201cDecidimos fusionar estas dos circunstancias, por un lado la propuesta de Bloomberg y por otro lado la posibilidad de iniciar con este proyecto que es de los m\u00e1s ambiciosos e interesantes que es como podemos hacer, que Morelia sea una ciudad que se beneficie ampliamente de la econom\u00eda de un conocimiento que est\u00e1 surgiendo en el mundo y lo que trataremos es de construir el espacio semilla de este distrito de innovaci\u00f3n\u201d.<\/p>\n<p>Asegur\u00f3 que la pregunta a resolver por parte de quienes participen tendr\u00e1 que girar en torno a \u00bfQu\u00e9 es lo que quiere?, \u00bfQu\u00e9 necesitan los morelianos para poder desarrollar empresas de alta tecnolog\u00eda? Por lo que derivado de ellas, es que se presentar\u00e1 el proyecto.<\/p>\n<p>Reiter\u00f3 que la decisi\u00f3n que se tome para lograr este fin no tiene que ser \u00fanicamente de los funcionarios, sino que se requiere que la sociedad se involucre y exprese cu\u00e1les son sus necesidades, sus aspiraciones y sue\u00f1os.<\/p>\n<p>Ana Cristina Prado, directora del IJUM precis\u00f3 que es muy importante que el municipio de Morelia participe ya que es de vital importancia empoderar a los j\u00f3venes en este tipo de proyectos.<\/p>\n","protected":false},"excerpt":{"rendered":"<p>Con el objetivo de invitar a los j\u00f3venes a generar ideas que ayuden a presentar temas de car\u00e1cter urbano y que mejoren la calidad de vida de la sociedad, el Ayuntamiento de Morelia a trav\u00e9s del IMPLAN, la Secretar\u00eda de Efectividad e Innovaci\u00f3n Gubernamental,<\/p>\n","protected":false},"author":1,"featured_media":22152,"comment_status":"open","ping_status":"open","sticky":false,"template":"","format":"standard","meta":{"footnotes":""},"categories":[14,9],"tags":[],"class_list":["post-22151","post","type-post","status-publish","format-standard","has-post-thumbnail","hentry","category-destacadas","category-morelia"],"_links":{"self":[{"href":"https:\/\/radiowebmx.com\/nota\/wp-json\/wp\/v2\/posts\/22151","targetHints":{"allow":["GET"]}}],"collection":[{"href":"https:\/\/radiowebmx.com\/nota\/wp-json\/wp\/v2\/posts"}],"about":[{"href":"https:\/\/radiowebmx.com\/nota\/wp-json\/wp\/v2\/types\/post"}],"author":[{"embeddable":true,"href":"https:\/\/radiowebmx.com\/nota\/wp-json\/wp\/v2\/users\/1"}],"replies":[{"embeddable":true,"href":"https:\/\/radiowebmx.com\/nota\/wp-json\/wp\/v2\/comments?post=22151"}],"version-history":[{"count":1,"href":"https:\/\/radiowebmx.com\/nota\/wp-json\/wp\/v2\/posts\/22151\/revisions"}],"predecessor-version":[{"id":22153,"href":"https:\/\/radiowebmx.com\/nota\/wp-json\/wp\/v2\/posts\/22151\/revisions\/22153"}],"wp:featuredmedia":[{"embeddable":true,"href":"https:\/\/radiowebmx.com\/nota\/wp-json\/wp\/v2\/media\/22152"}],"wp:attachment":[{"href":"https:\/\/radiowebmx.com\/nota\/wp-json\/wp\/v2\/media?parent=22151"}],"wp:term":[{"taxonomy":"category","embeddable":true,"href":"https:\/\/radiowebmx.com\/nota\/wp-json\/wp\/v2\/categories?post=22151"},{"taxonomy":"post_tag","embeddable":true,"href":"https:\/\/radiowebmx.com\/nota\/wp-json\/wp\/v2\/tags?post=22151"}],"curies":[{"name":"wp","href":"https:\/\/api.w.org\/{rel}","templated":true}]}}