{"id":22145,"date":"2016-03-16T14:40:36","date_gmt":"2016-03-16T20:40:36","guid":{"rendered":"https:\/\/radiowebmx.com\/nota\/?p=22145"},"modified":"2016-03-16T14:40:36","modified_gmt":"2016-03-16T20:40:36","slug":"atiende-direccion-de-inspeccion-y-vigilancia-queja-vecinal-y-clausura-funeraria","status":"publish","type":"post","link":"https:\/\/radiowebmx.com\/nota\/atiende-direccion-de-inspeccion-y-vigilancia-queja-vecinal-y-clausura-funeraria\/","title":{"rendered":"Atiende Direcci\u00f3n de Inspecci\u00f3n y Vigilancia queja vecinal y clausura Funeraria"},"content":{"rendered":"<p><a href=\"https:\/\/radiowebmx.com\/nota\/wp-content\/uploads\/2016\/03\/166d50a4-3895-463a-b15d-5ac51e4aa75f.jpg\"><img loading=\"lazy\" decoding=\"async\" class=\"alignleft size-full wp-image-22146\" src=\"https:\/\/radiowebmx.com\/nota\/wp-content\/uploads\/2016\/03\/166d50a4-3895-463a-b15d-5ac51e4aa75f.jpg\" alt=\"166d50a4-3895-463a-b15d-5ac51e4aa75f\" width=\"591\" height=\"350\" srcset=\"https:\/\/radiowebmx.com\/nota\/wp-content\/uploads\/2016\/03\/166d50a4-3895-463a-b15d-5ac51e4aa75f.jpg 591w, https:\/\/radiowebmx.com\/nota\/wp-content\/uploads\/2016\/03\/166d50a4-3895-463a-b15d-5ac51e4aa75f-300x178.jpg 300w\" sizes=\"auto, (max-width: 591px) 100vw, 591px\" \/><\/a>En apego a la legalidad y para garantizar el orden en las actividades comerciales que se realizan en la capital de Michoac\u00e1n, la Secretar\u00eda del Ayuntamiento a trav\u00e9s de la Direcci\u00f3n de Inspecci\u00f3n y Vigilancia, clausur\u00f3 un negocio por violaciones al reglamento de establecimientos mercantiles, industriales y de servicios de Morelia.<\/p>\n<p>El procedimiento jur\u00eddico se realiz\u00f3 luego de que vecinos del lugar, denunciaran posibles irregularidades en una funeraria que brindaba sus servicios en la Colonia Popular Progreso.<\/p>\n<p>Tras arribar al lugar, inspectores corroboraron que dicho negocio operaba un giro distinto al autorizado en su licencia, adem\u00e1s de que pon\u00eda en riesgo la seguridad, salubridad y orden p\u00fablico en la zona.<\/p>\n<p>En el operativo encabezado por el Secretario del Ayuntamiento, Jes\u00fas \u00c1valos Plata, se notific\u00f3 al responsable del establecimiento sobre la normatividad vigente, asimismo, el sustento jur\u00eddico por el cual deb\u00edan clausurar el negocio.<\/p>\n<p>Con estas acciones, el Ayuntamiento refrenda su compromiso con la legalidad y el orden en las actividades comerciales, e invita a la ciudadan\u00eda a revisar los Reglamentos tendientes a la apertura de establecimientos para contar con los permisos en orden.<\/p>\n","protected":false},"excerpt":{"rendered":"<p>En apego a la legalidad y para garantizar el orden en las actividades comerciales que se realizan en la capital de Michoac\u00e1n,<\/p>\n","protected":false},"author":1,"featured_media":22146,"comment_status":"open","ping_status":"open","sticky":false,"template":"","format":"standard","meta":{"footnotes":""},"categories":[14,9],"tags":[],"class_list":["post-22145","post","type-post","status-publish","format-standard","has-post-thumbnail","hentry","category-destacadas","category-morelia"],"_links":{"self":[{"href":"https:\/\/radiowebmx.com\/nota\/wp-json\/wp\/v2\/posts\/22145","targetHints":{"allow":["GET"]}}],"collection":[{"href":"https:\/\/radiowebmx.com\/nota\/wp-json\/wp\/v2\/posts"}],"about":[{"href":"https:\/\/radiowebmx.com\/nota\/wp-json\/wp\/v2\/types\/post"}],"author":[{"embeddable":true,"href":"https:\/\/radiowebmx.com\/nota\/wp-json\/wp\/v2\/users\/1"}],"replies":[{"embeddable":true,"href":"https:\/\/radiowebmx.com\/nota\/wp-json\/wp\/v2\/comments?post=22145"}],"version-history":[{"count":1,"href":"https:\/\/radiowebmx.com\/nota\/wp-json\/wp\/v2\/posts\/22145\/revisions"}],"predecessor-version":[{"id":22147,"href":"https:\/\/radiowebmx.com\/nota\/wp-json\/wp\/v2\/posts\/22145\/revisions\/22147"}],"wp:featuredmedia":[{"embeddable":true,"href":"https:\/\/radiowebmx.com\/nota\/wp-json\/wp\/v2\/media\/22146"}],"wp:attachment":[{"href":"https:\/\/radiowebmx.com\/nota\/wp-json\/wp\/v2\/media?parent=22145"}],"wp:term":[{"taxonomy":"category","embeddable":true,"href":"https:\/\/radiowebmx.com\/nota\/wp-json\/wp\/v2\/categories?post=22145"},{"taxonomy":"post_tag","embeddable":true,"href":"https:\/\/radiowebmx.com\/nota\/wp-json\/wp\/v2\/tags?post=22145"}],"curies":[{"name":"wp","href":"https:\/\/api.w.org\/{rel}","templated":true}]}}