{"id":22132,"date":"2016-03-16T14:30:37","date_gmt":"2016-03-16T20:30:37","guid":{"rendered":"https:\/\/radiowebmx.com\/nota\/?p=22132"},"modified":"2016-03-16T14:30:37","modified_gmt":"2016-03-16T20:30:37","slug":"el-rector-de-la-utm-destaca-los-beneficios-de-beca-futuro","status":"publish","type":"post","link":"https:\/\/radiowebmx.com\/nota\/el-rector-de-la-utm-destaca-los-beneficios-de-beca-futuro\/","title":{"rendered":"El rector de la UTM destaca los beneficios de Beca Futuro"},"content":{"rendered":"<p><a href=\"https:\/\/radiowebmx.com\/nota\/wp-content\/uploads\/2016\/03\/d648d2a1-cd3b-458b-a22b-fc8a3af025c8.jpg\"><img loading=\"lazy\" decoding=\"async\" class=\"alignleft size-full wp-image-22133\" src=\"https:\/\/radiowebmx.com\/nota\/wp-content\/uploads\/2016\/03\/d648d2a1-cd3b-458b-a22b-fc8a3af025c8.jpg\" alt=\"d648d2a1-cd3b-458b-a22b-fc8a3af025c8\" width=\"591\" height=\"332\" srcset=\"https:\/\/radiowebmx.com\/nota\/wp-content\/uploads\/2016\/03\/d648d2a1-cd3b-458b-a22b-fc8a3af025c8.jpg 591w, https:\/\/radiowebmx.com\/nota\/wp-content\/uploads\/2016\/03\/d648d2a1-cd3b-458b-a22b-fc8a3af025c8-300x169.jpg 300w, https:\/\/radiowebmx.com\/nota\/wp-content\/uploads\/2016\/03\/d648d2a1-cd3b-458b-a22b-fc8a3af025c8-128x72.jpg 128w\" sizes=\"auto, (max-width: 591px) 100vw, 591px\" \/><\/a>La Universidad Tecnol\u00f3gica de Morelia (UTM) se suma a los esfuerzos y respalda el compromiso del Gobernador Silvano Aureoles Conejo con las y los j\u00f3venes, el cual ha quedado refrendado con la puesta en marcha del programa Beca Futuro, afirm\u00f3 el rector de esta casa de estudios, Jos\u00e9 Hern\u00e1ndez Arreola.<\/p>\n<p>Expuso que en el \u00faltimo cuatrimestre la UTM registr\u00f3 una deserci\u00f3n de alrededor del 16 por ciento a pesar de que es una instituci\u00f3n p\u00fablica y gratuita, por lo que se\u00f1al\u00f3 que en muchas ocasiones los alumnos abandonan las aulas porque tienen que apoyar la econom\u00eda de sus familias.<\/p>\n<p>\u201cPor lo tanto, estamos seguros de que Beca Futuro ser\u00e1 un apoyo que contribuir\u00e1 a reducir este \u00edndice. Como autoridades educativas estaremos pendientes con la gesti\u00f3n a trav\u00e9s del Departamento de Servicios Escolares para que las y los estudiantes de la UTM sean tomados en cuenta en el programa\u201d, indic\u00f3.<\/p>\n<p>Cabe recordar que la UTM ofrece a los j\u00f3venes un modelo educativo donde sus horas de clases se distribuyen en un 70 por ciento pr\u00e1ctica y 30 por ciento teor\u00eda, adem\u00e1s de vinculaci\u00f3n con las empresas, todo ello basado en un servicio de calidad.<\/p>\n<p>\u201cY es aqu\u00ed donde cobra mayor relevancia este trabajo que impulsa el Gobernador Silvano Aureoles Conejo, ofreciendo a las nuevas generaciones oportunidades para adquirir los conocimientos, habilidades y herramientas t\u00e9cnicas que faciliten su inserci\u00f3n en el mercado laboral\u201d, anot\u00f3.<\/p>\n<p>Adem\u00e1s, abund\u00f3, el sistema de estudios que ofrece la UTM implica que durante los tres a\u00f1os con ocho meses que duran las ingenier\u00edas o licenciaturas, los alumnos puedan egresar con ocho meses de experiencia laboral a trav\u00e9s de sus pr\u00e1cticas y estad\u00edas, cumpliendo con otro objetivo que tiene Beca Tu Futuro, que es permitirles a las y los j\u00f3venes que est\u00e1n por egresar de los niveles media superior y superior poner en pr\u00e1ctica sus conocimientos\u201d.<\/p>\n","protected":false},"excerpt":{"rendered":"<p>El programa contribuir\u00e1 a reducir la deserci\u00f3n escolar y permitir\u00e1 que los egresados se inserten con \u00e9xito en el mercado laboral, afirma Jos\u00e9 Hern\u00e1ndez Arreola.<\/p>\n","protected":false},"author":1,"featured_media":22133,"comment_status":"open","ping_status":"open","sticky":false,"template":"","format":"standard","meta":{"footnotes":""},"categories":[14,3],"tags":[],"class_list":["post-22132","post","type-post","status-publish","format-standard","has-post-thumbnail","hentry","category-destacadas","category-gobierno-del-estado-de-michoacan"],"_links":{"self":[{"href":"https:\/\/radiowebmx.com\/nota\/wp-json\/wp\/v2\/posts\/22132","targetHints":{"allow":["GET"]}}],"collection":[{"href":"https:\/\/radiowebmx.com\/nota\/wp-json\/wp\/v2\/posts"}],"about":[{"href":"https:\/\/radiowebmx.com\/nota\/wp-json\/wp\/v2\/types\/post"}],"author":[{"embeddable":true,"href":"https:\/\/radiowebmx.com\/nota\/wp-json\/wp\/v2\/users\/1"}],"replies":[{"embeddable":true,"href":"https:\/\/radiowebmx.com\/nota\/wp-json\/wp\/v2\/comments?post=22132"}],"version-history":[{"count":1,"href":"https:\/\/radiowebmx.com\/nota\/wp-json\/wp\/v2\/posts\/22132\/revisions"}],"predecessor-version":[{"id":22134,"href":"https:\/\/radiowebmx.com\/nota\/wp-json\/wp\/v2\/posts\/22132\/revisions\/22134"}],"wp:featuredmedia":[{"embeddable":true,"href":"https:\/\/radiowebmx.com\/nota\/wp-json\/wp\/v2\/media\/22133"}],"wp:attachment":[{"href":"https:\/\/radiowebmx.com\/nota\/wp-json\/wp\/v2\/media?parent=22132"}],"wp:term":[{"taxonomy":"category","embeddable":true,"href":"https:\/\/radiowebmx.com\/nota\/wp-json\/wp\/v2\/categories?post=22132"},{"taxonomy":"post_tag","embeddable":true,"href":"https:\/\/radiowebmx.com\/nota\/wp-json\/wp\/v2\/tags?post=22132"}],"curies":[{"name":"wp","href":"https:\/\/api.w.org\/{rel}","templated":true}]}}