{"id":2213,"date":"2013-04-12T12:22:54","date_gmt":"2013-04-12T17:22:54","guid":{"rendered":"https:\/\/radiowebmx.com\/nota\/?p=2213"},"modified":"2013-04-12T12:22:54","modified_gmt":"2013-04-12T17:22:54","slug":"conmemoran-el-cxlviii-aniversario-de-la-batalla-de-tacambaro%e2%80%8f","status":"publish","type":"post","link":"https:\/\/radiowebmx.com\/nota\/conmemoran-el-cxlviii-aniversario-de-la-batalla-de-tacambaro%e2%80%8f\/","title":{"rendered":"Conmemoran el CXLVIII Aniversario de la Batalla de Tac\u00e1mbaro\u200f"},"content":{"rendered":"<p>El secretario de Pol\u00edtica Social del estado, Rodrigo Iv\u00e1n Maldonado L\u00f3pez, asisti\u00f3 al acto conmemorativo por el CXLVIII Aniversario de la Heroica Batalla de Tac\u00e1mbaro y II Aniversario de la Elevaci\u00f3n de Tac\u00e1mbaro a Ciudad Heroica, donde el orador oficial, Jos\u00e9 Aguilera Ru\u00edz, quien es s\u00edndico municipal, se pronunci\u00f3 porque la lucha con las armas \u201csea sustituida definitivamente por el poder de la voluntad, de la cordura social, de la hermandad entre los pueblos\u201d, a fin de que s\u00f3lo triunfen \u201clas mejores estrategias de conciliaci\u00f3n, respeto, armon\u00eda y bienestar\u201d. En el marco de esta celebraci\u00f3n, el ayuntamiento de Tac\u00e1mbaro ofreci\u00f3 adem\u00e1s otras actividades, como el lanzamiento de un globo aerost\u00e1tico, la presentaci\u00f3n del libro \u201cLa Guardia de la Emperatriz Carlota\u201d, del escritor Rub\u00e9n Sp\u00edndola, as\u00ed como un concierto especial a cargo de la Orquesta Sinf\u00f3nica de Alientos de la Secretar\u00eda de Seguridad P\u00fablica del Estado.<\/p>\n","protected":false},"excerpt":{"rendered":"<p> Conmemoran el CXLVIII Aniversario de la Batalla de Tac\u00e1mbaro\u200f<\/p>\n","protected":false},"author":1,"featured_media":0,"comment_status":"open","ping_status":"open","sticky":false,"template":"","format":"standard","meta":{"footnotes":""},"categories":[3],"tags":[],"class_list":["post-2213","post","type-post","status-publish","format-standard","hentry","category-gobierno-del-estado-de-michoacan"],"_links":{"self":[{"href":"https:\/\/radiowebmx.com\/nota\/wp-json\/wp\/v2\/posts\/2213","targetHints":{"allow":["GET"]}}],"collection":[{"href":"https:\/\/radiowebmx.com\/nota\/wp-json\/wp\/v2\/posts"}],"about":[{"href":"https:\/\/radiowebmx.com\/nota\/wp-json\/wp\/v2\/types\/post"}],"author":[{"embeddable":true,"href":"https:\/\/radiowebmx.com\/nota\/wp-json\/wp\/v2\/users\/1"}],"replies":[{"embeddable":true,"href":"https:\/\/radiowebmx.com\/nota\/wp-json\/wp\/v2\/comments?post=2213"}],"version-history":[{"count":1,"href":"https:\/\/radiowebmx.com\/nota\/wp-json\/wp\/v2\/posts\/2213\/revisions"}],"predecessor-version":[{"id":2214,"href":"https:\/\/radiowebmx.com\/nota\/wp-json\/wp\/v2\/posts\/2213\/revisions\/2214"}],"wp:attachment":[{"href":"https:\/\/radiowebmx.com\/nota\/wp-json\/wp\/v2\/media?parent=2213"}],"wp:term":[{"taxonomy":"category","embeddable":true,"href":"https:\/\/radiowebmx.com\/nota\/wp-json\/wp\/v2\/categories?post=2213"},{"taxonomy":"post_tag","embeddable":true,"href":"https:\/\/radiowebmx.com\/nota\/wp-json\/wp\/v2\/tags?post=2213"}],"curies":[{"name":"wp","href":"https:\/\/api.w.org\/{rel}","templated":true}]}}