{"id":22115,"date":"2016-03-16T14:07:51","date_gmt":"2016-03-16T20:07:51","guid":{"rendered":"https:\/\/radiowebmx.com\/nota\/?p=22115"},"modified":"2016-03-16T14:07:51","modified_gmt":"2016-03-16T20:07:51","slug":"secretaria-de-turismo-municipal-capacita-a-representantes-del-sector-hotelero","status":"publish","type":"post","link":"https:\/\/radiowebmx.com\/nota\/secretaria-de-turismo-municipal-capacita-a-representantes-del-sector-hotelero\/","title":{"rendered":"Secretar\u00eda de Turismo Municipal capacita a representantes del sector hotelero"},"content":{"rendered":"<p><a href=\"https:\/\/radiowebmx.com\/nota\/wp-content\/uploads\/2016\/03\/64e0cd41-e278-428f-ba1c-3dd6d13711b6.jpg\"><img loading=\"lazy\" decoding=\"async\" class=\"alignleft size-full wp-image-22116\" src=\"https:\/\/radiowebmx.com\/nota\/wp-content\/uploads\/2016\/03\/64e0cd41-e278-428f-ba1c-3dd6d13711b6.jpg\" alt=\"64e0cd41-e278-428f-ba1c-3dd6d13711b6\" width=\"591\" height=\"267\" srcset=\"https:\/\/radiowebmx.com\/nota\/wp-content\/uploads\/2016\/03\/64e0cd41-e278-428f-ba1c-3dd6d13711b6.jpg 591w, https:\/\/radiowebmx.com\/nota\/wp-content\/uploads\/2016\/03\/64e0cd41-e278-428f-ba1c-3dd6d13711b6-300x136.jpg 300w\" sizes=\"auto, (max-width: 591px) 100vw, 591px\" \/><\/a>Con el objetivo de brindar los mejores servicios tur\u00edsticos en la capital del estado as\u00ed como de promocionar a Morelia como destino vacacional, el Ayuntamiento de Morelia que encabeza el alcalde, Alfonso Mart\u00ednez Alc\u00e1zar, a trav\u00e9s de la Secretar\u00eda de Turismo imparti\u00f3 un curso de capacitaci\u00f3n a personal estrat\u00e9gico en ventas de diferentes hoteles de la ciudad y representantes de C\u00e1maras y asociaciones dedicadas a este giro.<\/p>\n<p>Thelma Aquique Arrieta, titular de esta dependencia, agradeci\u00f3 la participaci\u00f3n de los prestadores de servicio quienes se han mostrado contentos de que estas capacitaciones sean brindadas e impulsadas por el gobierno municipal, con lo cual se refrenda el compromiso del presidente municipal, Alfonso Mart\u00ednez Alc\u00e1zar de apoyar al sector tur\u00edstico en todas las aristas.<\/p>\n<p>Esta capacitaci\u00f3n, forma parte importante del trabajo que se tiene encaminado en el marco del pr\u00f3ximo Tianguis Tur\u00edstico M\u00e9xico 2016 en su edici\u00f3n 41, que se llevar\u00e1 a cabo en Guadalajara del 25 al 28 de abril y en donde Morelia estar\u00e1 presente a trav\u00e9s de esta dependencia municipal y la Asociaci\u00f3n de Hoteles de la ciudad.<\/p>\n<p>Thelma Aquique, destac\u00f3 que es importante esta coordinaci\u00f3n que se da entre empresas dedicadas al ramo tur\u00edstico y su dependencia, ya que obliga a conocer las necesidades que tiene el sector y por ende trabajar en acciones que faciliten y ayuden al desarrollo tur\u00edstico de dichas empresas y mejore en lo econ\u00f3mico todo el sector.<\/p>\n<p>Asimismo, se pretende que Morelia sea promocionado en este pr\u00f3ximo tianguis y sea uno de los principales destinos tur\u00edsticos no playa del pa\u00eds, por sus riquezas arquitect\u00f3nicas, gastron\u00f3micas y culturales a trav\u00e9s de sus fiestas y festivales.<\/p>\n","protected":false},"excerpt":{"rendered":"<p>Con el objetivo de brindar los mejores servicios tur\u00edsticos en la capital del estado as\u00ed como de promocionar a Morelia como destino vacacional, el Ayuntamiento de Morelia que encabeza el alcalde, Alfonso Mart\u00ednez Alc\u00e1zar,<\/p>\n","protected":false},"author":1,"featured_media":22116,"comment_status":"open","ping_status":"open","sticky":false,"template":"","format":"standard","meta":{"footnotes":""},"categories":[14,9],"tags":[],"class_list":["post-22115","post","type-post","status-publish","format-standard","has-post-thumbnail","hentry","category-destacadas","category-morelia"],"_links":{"self":[{"href":"https:\/\/radiowebmx.com\/nota\/wp-json\/wp\/v2\/posts\/22115","targetHints":{"allow":["GET"]}}],"collection":[{"href":"https:\/\/radiowebmx.com\/nota\/wp-json\/wp\/v2\/posts"}],"about":[{"href":"https:\/\/radiowebmx.com\/nota\/wp-json\/wp\/v2\/types\/post"}],"author":[{"embeddable":true,"href":"https:\/\/radiowebmx.com\/nota\/wp-json\/wp\/v2\/users\/1"}],"replies":[{"embeddable":true,"href":"https:\/\/radiowebmx.com\/nota\/wp-json\/wp\/v2\/comments?post=22115"}],"version-history":[{"count":1,"href":"https:\/\/radiowebmx.com\/nota\/wp-json\/wp\/v2\/posts\/22115\/revisions"}],"predecessor-version":[{"id":22117,"href":"https:\/\/radiowebmx.com\/nota\/wp-json\/wp\/v2\/posts\/22115\/revisions\/22117"}],"wp:featuredmedia":[{"embeddable":true,"href":"https:\/\/radiowebmx.com\/nota\/wp-json\/wp\/v2\/media\/22116"}],"wp:attachment":[{"href":"https:\/\/radiowebmx.com\/nota\/wp-json\/wp\/v2\/media?parent=22115"}],"wp:term":[{"taxonomy":"category","embeddable":true,"href":"https:\/\/radiowebmx.com\/nota\/wp-json\/wp\/v2\/categories?post=22115"},{"taxonomy":"post_tag","embeddable":true,"href":"https:\/\/radiowebmx.com\/nota\/wp-json\/wp\/v2\/tags?post=22115"}],"curies":[{"name":"wp","href":"https:\/\/api.w.org\/{rel}","templated":true}]}}