{"id":22111,"date":"2016-03-14T15:15:36","date_gmt":"2016-03-14T21:15:36","guid":{"rendered":"https:\/\/radiowebmx.com\/nota\/?p=22111"},"modified":"2016-03-14T15:15:36","modified_gmt":"2016-03-14T21:15:36","slug":"alumna-del-cecytem-gana-el-primer-lugar-en-concurso-nacional-de-oratoria","status":"publish","type":"post","link":"https:\/\/radiowebmx.com\/nota\/alumna-del-cecytem-gana-el-primer-lugar-en-concurso-nacional-de-oratoria\/","title":{"rendered":"Alumna del CECyTEM gana el primer lugar en concurso Nacional de Oratoria"},"content":{"rendered":"<div><a href=\"https:\/\/radiowebmx.com\/nota\/wp-content\/uploads\/2016\/03\/a84daa37-7a8f-4a8b-945c-dca85ccb5eb4.jpg\"><img loading=\"lazy\" decoding=\"async\" class=\"alignleft size-full wp-image-22112\" src=\"https:\/\/radiowebmx.com\/nota\/wp-content\/uploads\/2016\/03\/a84daa37-7a8f-4a8b-945c-dca85ccb5eb4.jpg\" alt=\"a84daa37-7a8f-4a8b-945c-dca85ccb5eb4\" width=\"591\" height=\"262\" srcset=\"https:\/\/radiowebmx.com\/nota\/wp-content\/uploads\/2016\/03\/a84daa37-7a8f-4a8b-945c-dca85ccb5eb4.jpg 591w, https:\/\/radiowebmx.com\/nota\/wp-content\/uploads\/2016\/03\/a84daa37-7a8f-4a8b-945c-dca85ccb5eb4-300x133.jpg 300w\" sizes=\"auto, (max-width: 591px) 100vw, 591px\" \/><\/a>Despu\u00e9s de realizarse el pasado mes de noviembre la XXII Jornada Estatal Cultural del Colegio de Estudios Cient\u00edficos y Tecnol\u00f3gicos del Estado de Michoac\u00e1n (CECyTEM), que cont\u00f3 con la asistencia de 275 j\u00f3venes estudiantes de 24 planteles escolarizados y 13 de CEMSAD (Centro de Educaci\u00f3n Media Superior a Distancia), la alumna Kelly Samantha V\u00e1zquez Gaspar, del plantel San Lucas, gan\u00f3 el primer lugar en el Concurso de Oratoria en el XVIII Festival Nacional de Arte y Cultura CECyTE 2016, celebrado en Tuxtla Guti\u00e9rrez, Chiapas.<\/div>\n<div><\/div>\n<div>Kelly Samantha V\u00e1zquez Gaspar, puso en alto el nombre de Michoac\u00e1n con el apoyo de su asesor, Cristi\u00e1n Manuel V\u00e1zquez L\u00f3pez, despu\u00e9s de competir en la disciplina con alumnos de los estados de Sonora, Yucat\u00e1n, Veracruz, Puebla, Chiapas, Baja California Sur, Coahuila, Guerrero, Nayarit y Nuevo Le\u00f3n.<\/div>\n<div><\/div>\n<div>La directora general del CECyTEM, Mar\u00eda del Carmen Escobedo P\u00e9rez, destac\u00f3 la participaci\u00f3n de la delegaci\u00f3n Michoac\u00e1n en el XVIII Festival Nacional de Arte y Cultura en las disciplinas de danza, canto, escoltas, oratoria y declamaci\u00f3n.<\/div>\n<div><\/div>\n<div>Asimismo, indic\u00f3 que con este evento comienzan oficialmente a nivel nacional los festejos del 25 aniversario de la creaci\u00f3n de este subsistema educativo. Record\u00f3 que los CECyTE se fundaron en 1991 en siete estados y con \u00a0500 alumnos; actualmente tienen presencia en 30 entidades del pa\u00eds y cuentan con m\u00e1s de 407 mil estudiantes.<\/div>\n<div><\/div>\n<div>En este concurso nacional participaron, Esmeralda Guti\u00e9rrez Osnaya, del plantel de San Pedro Jacuaro, en la rama de declamaci\u00f3n; David Isa\u00ed M\u00e9ndez V\u00e1zquez, de Uruapan, en la disciplina de canto; en el concurso de danza folkl\u00f3rica se cont\u00f3 con la participaci\u00f3n de alumnos del plantel de Perib\u00e1n; asimismo, particip\u00f3 la escolta del CEMSAD de Atecucario.<\/div>\n","protected":false},"excerpt":{"rendered":"<p>Despu\u00e9s de realizarse el pasado mes de noviembre la XXII Jornada Estatal Cultural del Colegio de Estudios Cient\u00edficos y Tecnol\u00f3gicos del Estado de Michoac\u00e1n (CECyTEM), que cont\u00f3 con la asistencia de 275 j\u00f3venes estudiantes de 24 planteles escolarizados y 13 de CEMSAD (Centro de Educaci\u00f3n Media Superior a Distancia), la alumna Kelly Samantha V\u00e1zquez Gaspar, [&hellip;]<\/p>\n","protected":false},"author":1,"featured_media":22112,"comment_status":"open","ping_status":"open","sticky":false,"template":"","format":"standard","meta":{"footnotes":""},"categories":[14,3],"tags":[],"class_list":["post-22111","post","type-post","status-publish","format-standard","has-post-thumbnail","hentry","category-destacadas","category-gobierno-del-estado-de-michoacan"],"_links":{"self":[{"href":"https:\/\/radiowebmx.com\/nota\/wp-json\/wp\/v2\/posts\/22111","targetHints":{"allow":["GET"]}}],"collection":[{"href":"https:\/\/radiowebmx.com\/nota\/wp-json\/wp\/v2\/posts"}],"about":[{"href":"https:\/\/radiowebmx.com\/nota\/wp-json\/wp\/v2\/types\/post"}],"author":[{"embeddable":true,"href":"https:\/\/radiowebmx.com\/nota\/wp-json\/wp\/v2\/users\/1"}],"replies":[{"embeddable":true,"href":"https:\/\/radiowebmx.com\/nota\/wp-json\/wp\/v2\/comments?post=22111"}],"version-history":[{"count":1,"href":"https:\/\/radiowebmx.com\/nota\/wp-json\/wp\/v2\/posts\/22111\/revisions"}],"predecessor-version":[{"id":22113,"href":"https:\/\/radiowebmx.com\/nota\/wp-json\/wp\/v2\/posts\/22111\/revisions\/22113"}],"wp:featuredmedia":[{"embeddable":true,"href":"https:\/\/radiowebmx.com\/nota\/wp-json\/wp\/v2\/media\/22112"}],"wp:attachment":[{"href":"https:\/\/radiowebmx.com\/nota\/wp-json\/wp\/v2\/media?parent=22111"}],"wp:term":[{"taxonomy":"category","embeddable":true,"href":"https:\/\/radiowebmx.com\/nota\/wp-json\/wp\/v2\/categories?post=22111"},{"taxonomy":"post_tag","embeddable":true,"href":"https:\/\/radiowebmx.com\/nota\/wp-json\/wp\/v2\/tags?post=22111"}],"curies":[{"name":"wp","href":"https:\/\/api.w.org\/{rel}","templated":true}]}}