{"id":22102,"date":"2016-03-14T14:34:27","date_gmt":"2016-03-14T20:34:27","guid":{"rendered":"https:\/\/radiowebmx.com\/nota\/?p=22102"},"modified":"2016-03-14T14:34:27","modified_gmt":"2016-03-14T20:34:27","slug":"programa-de-abasto-social-de-liconsa-incrementa-su-padron-con-500-nuevos-beneficiarios-en-el-bajio-michoacano","status":"publish","type":"post","link":"https:\/\/radiowebmx.com\/nota\/programa-de-abasto-social-de-liconsa-incrementa-su-padron-con-500-nuevos-beneficiarios-en-el-bajio-michoacano\/","title":{"rendered":"PROGRAMA DE ABASTO SOCIAL DE LICONSA INCREMENTA SU PADR\u00d3N CON 500 NUEVOS BENEFICIARIOS EN EL BAJ\u00cdO MICHOACANO."},"content":{"rendered":"<p><a href=\"https:\/\/radiowebmx.com\/nota\/wp-content\/uploads\/2016\/03\/yurecuaro.3.jpg\"><img loading=\"lazy\" decoding=\"async\" class=\"alignleft size-full wp-image-22103\" src=\"https:\/\/radiowebmx.com\/nota\/wp-content\/uploads\/2016\/03\/yurecuaro.3.jpg\" alt=\"yurecuaro.3\" width=\"591\" height=\"272\" srcset=\"https:\/\/radiowebmx.com\/nota\/wp-content\/uploads\/2016\/03\/yurecuaro.3.jpg 591w, https:\/\/radiowebmx.com\/nota\/wp-content\/uploads\/2016\/03\/yurecuaro.3-300x138.jpg 300w\" sizes=\"auto, (max-width: 591px) 100vw, 591px\" \/><\/a>Con la incorporaci\u00f3n de m\u00e1s de 500 nuevos beneficiarios al padr\u00f3n del Programa de Abasto Social de leche LICONSA en los municipios de Yur\u00e9cuaro y Ecuandureo, se refrenda el compromiso del Presidente Enrique Pe\u00f1a Nieto de atender a la gente m\u00e1s desprotegida del Baj\u00edo en Michoac\u00e1n.<\/p>\n<p>En el acto realizado en el municipio de Yur\u00e9cuaro, el Gerente Estatal de LICONSA en Michoac\u00e1n, Licenciado Ger\u00f3nimo Color Gasca acompa\u00f1ado del Presidente Municipal de Yur\u00e9cuaro, Marco Antonio Gonz\u00e1lez y la Diputada Federal\u00a0Rosa Alicia \u00c1lvarez\u00a0dio -a nombre del presidente de la Rep\u00fablica Enrique Pe\u00f1a Nieto-\u00a0 la bienvenida a 250 nuevos beneficiarios y mencion\u00f3 que hoy en Yur\u00e9cuaro LICONSA atiende 900 beneficiarios que reciben 9,600 litros de leche fortificada al mes.<\/p>\n<p>En tanto, en el municipio de Ecuandureo el Gerente Estatal de LICONSA y Enlace del Gobierno de la Rep\u00fablica en la Regi\u00f3n Lerma-Chapala, destac\u00f3 la importancia de este programa social, el cual por instrucciones del Presidente Enrique Pe\u00f1a Nieto aument\u00f3 en 260 nuevos beneficiarios en el padr\u00f3n, con lo que se distribuir\u00e1n m\u00e1s de 13,500 litros de leche LICONSA al mes.<\/p>\n<p>Color Gasca recalc\u00f3 adem\u00e1s que se mantendr\u00e1 para este a\u00f1o el mismo precio de 5.50 pesos por litro de leche LICONSA, con lo que se comprueba el compromiso del Gobierno de la Rep\u00fablica con los michoacanos.<\/p>\n<p>Durante su intervenci\u00f3n, la Diputada Federal Rosa Alicia \u00c1lvarez, destac\u00f3 los beneficios de la leche fortificada del Programa de Abasto Social de LICONSA que encabeza el presidente Enrique Pe\u00f1a Nieto, con el que se refrenda el compromiso del presidente para con la gente m\u00e1s necesitada del Baj\u00edo Michoacano.<\/p>\n<p>A los actos acompa\u00f1aron al Gerente Estatal de LICONSA los presidentes municipales de Yur\u00e9cuaro Lic. Marco Antonio Gonz\u00e1lez Jim\u00e9nez y de Ecuandureo Arq. Francisco Torres Ram\u00edrez, as\u00ed como la Diputada Federal por Zamora Rosa Alicia \u00c1lvarez Pi\u00f1ones.<\/p>\n","protected":false},"excerpt":{"rendered":"<p>+Aumenta Liconsa 250 nuevos beneficiarios en Yur\u00e9cuaro y  260 en Ecuandureo.<br \/>\n+Se mantendr\u00e1 el precio de 5.50 pesos por litro de leche LICONSA del Programa de Abasto Social.<\/p>\n","protected":false},"author":1,"featured_media":22103,"comment_status":"open","ping_status":"open","sticky":false,"template":"","format":"standard","meta":{"footnotes":""},"categories":[14,3],"tags":[],"class_list":["post-22102","post","type-post","status-publish","format-standard","has-post-thumbnail","hentry","category-destacadas","category-gobierno-del-estado-de-michoacan"],"_links":{"self":[{"href":"https:\/\/radiowebmx.com\/nota\/wp-json\/wp\/v2\/posts\/22102","targetHints":{"allow":["GET"]}}],"collection":[{"href":"https:\/\/radiowebmx.com\/nota\/wp-json\/wp\/v2\/posts"}],"about":[{"href":"https:\/\/radiowebmx.com\/nota\/wp-json\/wp\/v2\/types\/post"}],"author":[{"embeddable":true,"href":"https:\/\/radiowebmx.com\/nota\/wp-json\/wp\/v2\/users\/1"}],"replies":[{"embeddable":true,"href":"https:\/\/radiowebmx.com\/nota\/wp-json\/wp\/v2\/comments?post=22102"}],"version-history":[{"count":1,"href":"https:\/\/radiowebmx.com\/nota\/wp-json\/wp\/v2\/posts\/22102\/revisions"}],"predecessor-version":[{"id":22104,"href":"https:\/\/radiowebmx.com\/nota\/wp-json\/wp\/v2\/posts\/22102\/revisions\/22104"}],"wp:featuredmedia":[{"embeddable":true,"href":"https:\/\/radiowebmx.com\/nota\/wp-json\/wp\/v2\/media\/22103"}],"wp:attachment":[{"href":"https:\/\/radiowebmx.com\/nota\/wp-json\/wp\/v2\/media?parent=22102"}],"wp:term":[{"taxonomy":"category","embeddable":true,"href":"https:\/\/radiowebmx.com\/nota\/wp-json\/wp\/v2\/categories?post=22102"},{"taxonomy":"post_tag","embeddable":true,"href":"https:\/\/radiowebmx.com\/nota\/wp-json\/wp\/v2\/tags?post=22102"}],"curies":[{"name":"wp","href":"https:\/\/api.w.org\/{rel}","templated":true}]}}