{"id":22087,"date":"2016-03-14T13:51:00","date_gmt":"2016-03-14T19:51:00","guid":{"rendered":"https:\/\/radiowebmx.com\/nota\/?p=22087"},"modified":"2016-03-14T13:51:00","modified_gmt":"2016-03-14T19:51:00","slug":"imumo-realiza-con-exito-el-bazar-de-artesanias-y-comida-tradicional","status":"publish","type":"post","link":"https:\/\/radiowebmx.com\/nota\/imumo-realiza-con-exito-el-bazar-de-artesanias-y-comida-tradicional\/","title":{"rendered":"IMUMO realiza con \u00e9xito el  Bazar de Artesan\u00edas y Comida Tradicional"},"content":{"rendered":"<p><a href=\"https:\/\/radiowebmx.com\/nota\/wp-content\/uploads\/2016\/03\/11fcb527-278a-43b7-85b4-a8fd85f8d000.jpg\"><img loading=\"lazy\" decoding=\"async\" class=\"alignleft size-full wp-image-22088\" src=\"https:\/\/radiowebmx.com\/nota\/wp-content\/uploads\/2016\/03\/11fcb527-278a-43b7-85b4-a8fd85f8d000.jpg\" alt=\"11fcb527-278a-43b7-85b4-a8fd85f8d000\" width=\"591\" height=\"304\" srcset=\"https:\/\/radiowebmx.com\/nota\/wp-content\/uploads\/2016\/03\/11fcb527-278a-43b7-85b4-a8fd85f8d000.jpg 591w, https:\/\/radiowebmx.com\/nota\/wp-content\/uploads\/2016\/03\/11fcb527-278a-43b7-85b4-a8fd85f8d000-300x154.jpg 300w\" sizes=\"auto, (max-width: 591px) 100vw, 591px\" \/><\/a>Como parte de la instrucci\u00f3n del Presidente Municipal, Alfonso Mart\u00ednez Alc\u00e1zar, de\u00a0 apoyar el desarrollo de proyectos a favor de las mujeres, el Instituto de la Mujer Moreliana (IMUMO) realiz\u00f3 el Bazar de Artesan\u00edas y Comida Tradicional,\u00a0 este domingo 13 de marzo, en el Bosque Cuauht\u00e9moc.<\/p>\n<p>En este marco, la Regidora, Alma Bahena Villalobos acompa\u00f1ada de sus compa\u00f1eros integrantes de Cabildo, Benjam\u00edn Farf\u00e1n Reyes, Adela Alejandre Flores, Mar\u00eda Elisa Garrido P\u00e9rez, as\u00ed como la secretaria de Desarrollo Econ\u00f3mico y Emprendedor, Ireri Rivera Garc\u00eda y la encargada de despacho del Imumo, Ana Garc\u00eda Vega, destac\u00f3 la importancia de promover acciones que apoyen a sectores vulnerables e inciten\u00a0 el auto empleo como forma de romper roles de g\u00e9nero.<\/p>\n<p>Bahena Villalobos agradeci\u00f3 y valor\u00f3 las acciones del Ayuntamiento de Morelia a trav\u00e9s de Instituto de la Mujer Moreliana, as\u00ed como la participaci\u00f3n de las ciento de mujeres emprendedoras y la colaboraci\u00f3n de las diferentes dependencias municipales tales como el Sistema DIF Morelia, la Secretar\u00eda de Desarrollo Humano y Bienestar Social y la Comisi\u00f3n de la Mujer, Juventud y el Deporte.<\/p>\n<p>La regidora invit\u00f3 a la poblaci\u00f3n a hacer uso de las redes sociales para dar a conocer los productos elaborados por las y los beneficiarios de los talleres de capacitaci\u00f3n del IMUMO, para ampliar sus opciones comerciales.<\/p>\n<p>Cabe destacar que se registraron 170 emprendedores en el Bazar de Artesan\u00edas y Comida Tradicional, y todo lo recaudado se destinar\u00e1\u00a0 a las familias de los alumnos de los cursos de capacitaci\u00f3n del Instituto que se dieron cita este domingo\u00a0 en el Bosque Cuauht\u00e9moc.<\/p>\n<p>Es importante resaltar que dicha actividad forma parte del programa de actividades que en el mes de marzo\u00a0 realiza la paramunicipal para conmemorar el 8 de marzo, fecha en que se recuerda a un grupo de mujeres trabajadoras que lucharon y murieron por defender su derecho a una vida digna y un trato laboral justo.<\/p>\n<p>Dentro de las actividades realizadas durante el bazar es\u00a0 resaltar las clases deportivas, eventos art\u00edsticos y culturales; adem\u00e1s de la\u00a0 instalaci\u00f3n de m\u00f3dulos de atenci\u00f3n m\u00e9dica general, odontol\u00f3gica, aplicaci\u00f3n de vacunas contra la Influenza, pruebas r\u00e1pidas de VIH, hepatitis C y S\u00edfilis.<\/p>\n<p>Asimismo, los asistentes obtuvieron cortes de cabello, dise\u00f1os de imagen, aplicaci\u00f3n de u\u00f1as, as\u00ed como a una pasarela donde se\u00a0 model\u00f3 bisuter\u00eda y prendas de tejido elaboradas por las mujeres que han tomado algunos de los talleres que ofrece la paramunicipal.<\/p>\n<p>En tanto que el Sistema DIF Morelia particip\u00f3 con pl\u00e1ticas para la elaboraci\u00f3n del plato del buen comer, cuyo objetivo es fomentar entre las familias del municipio los h\u00e1bitos de estilo de vida m\u00e1s saludable, donde ni\u00f1os y adultos aprendan a comer de manera equilibrada.<\/p>\n<p>Por primera vez, las mujeres que habitan en las Tenencias de Capula, Santa Mar\u00eda de Guido y San Nicol\u00e1s Obispo participaron\u00a0 en este Bazar para exponer su actividad artesanal\u00a0 (loza, catrinas, molcajetes) y su tradicional gastronom\u00eda\u00a0 (mole, pozole, etc).<\/p>\n","protected":false},"excerpt":{"rendered":"<p>Como parte de la instrucci\u00f3n del Presidente Municipal, AMA, de  apoyar el desarrollo de proyectos a favor de las mujeres, el IMUMO realiz\u00f3 el Bazar de Artesan\u00edas y Comida Tradicional,  este domingo 13 de marzo, en el Bosque Cuauht\u00e9moc.<\/p>\n","protected":false},"author":1,"featured_media":22088,"comment_status":"open","ping_status":"open","sticky":false,"template":"","format":"standard","meta":{"footnotes":""},"categories":[14,9],"tags":[],"class_list":["post-22087","post","type-post","status-publish","format-standard","has-post-thumbnail","hentry","category-destacadas","category-morelia"],"_links":{"self":[{"href":"https:\/\/radiowebmx.com\/nota\/wp-json\/wp\/v2\/posts\/22087","targetHints":{"allow":["GET"]}}],"collection":[{"href":"https:\/\/radiowebmx.com\/nota\/wp-json\/wp\/v2\/posts"}],"about":[{"href":"https:\/\/radiowebmx.com\/nota\/wp-json\/wp\/v2\/types\/post"}],"author":[{"embeddable":true,"href":"https:\/\/radiowebmx.com\/nota\/wp-json\/wp\/v2\/users\/1"}],"replies":[{"embeddable":true,"href":"https:\/\/radiowebmx.com\/nota\/wp-json\/wp\/v2\/comments?post=22087"}],"version-history":[{"count":1,"href":"https:\/\/radiowebmx.com\/nota\/wp-json\/wp\/v2\/posts\/22087\/revisions"}],"predecessor-version":[{"id":22089,"href":"https:\/\/radiowebmx.com\/nota\/wp-json\/wp\/v2\/posts\/22087\/revisions\/22089"}],"wp:featuredmedia":[{"embeddable":true,"href":"https:\/\/radiowebmx.com\/nota\/wp-json\/wp\/v2\/media\/22088"}],"wp:attachment":[{"href":"https:\/\/radiowebmx.com\/nota\/wp-json\/wp\/v2\/media?parent=22087"}],"wp:term":[{"taxonomy":"category","embeddable":true,"href":"https:\/\/radiowebmx.com\/nota\/wp-json\/wp\/v2\/categories?post=22087"},{"taxonomy":"post_tag","embeddable":true,"href":"https:\/\/radiowebmx.com\/nota\/wp-json\/wp\/v2\/tags?post=22087"}],"curies":[{"name":"wp","href":"https:\/\/api.w.org\/{rel}","templated":true}]}}