{"id":22070,"date":"2016-03-11T15:10:36","date_gmt":"2016-03-11T21:10:36","guid":{"rendered":"https:\/\/radiowebmx.com\/nota\/?p=22070"},"modified":"2016-03-11T15:10:36","modified_gmt":"2016-03-11T21:10:36","slug":"temas-de-cafe-428","status":"publish","type":"post","link":"https:\/\/radiowebmx.com\/nota\/temas-de-cafe-428\/","title":{"rendered":"TEMAS DE CAF\u00c9"},"content":{"rendered":"<ul>\n<li><a href=\"https:\/\/radiowebmx.com\/nota\/wp-content\/uploads\/2013\/06\/temas-de-cafe.jpg\"><img loading=\"lazy\" decoding=\"async\" class=\"alignleft size-full wp-image-2805\" src=\"https:\/\/radiowebmx.com\/nota\/wp-content\/uploads\/2013\/06\/temas-de-cafe.jpg\" alt=\"temas de cafe\" width=\"295\" height=\"171\" \/><\/a>EVALUACION A LOS SEIS MESES<\/li>\n<li>EL PORQUE DE LA KERMES DIF<\/li>\n<li>EL PACTO PARA LA PAZ ESTATAL<\/li>\n<li>CONSEJO POLITICO DEL PRI HOY<\/li>\n<\/ul>\n<p>Faltan veinte d\u00edas para que la actual administraci\u00f3n, cumpla sus primeros seis meses, de los 72 que integran un sexenio, 183 d\u00edas de los 2 mil 190 d\u00edas que integran los seis a\u00f1os de gobierno, por lo cual y de acuerdo a los resultados logrados hasta ahora, es necesario, urgente que el gobernador del estado, realice una evaluaci\u00f3n de su gabinete, analizar a cada uno de sus colaboradores, y ver qu\u00e9 ha funcionado y qu\u00e9 no, tal vez no se trate de hacer relevos, seis meses son pocos para una evaluaci\u00f3n m\u00e1s o menos formal pero si para exigir m\u00e1s trabajo, m\u00e1s resultados, porque la impresi\u00f3n general de los michoacanos, es que el gobernador va muy delante de la mayor\u00eda de, quienes integran su gobierno, aparte tambi\u00e9n es obvio que muchos piensan en su proyecto personal, no de grupo, de equipo, de corriente y de partido a esos habr\u00e1 que recordarles, que aislados no van a poder realizar una buena administraci\u00f3n, y que con una mala administraci\u00f3n todos pierden, ellos, los michoacanos y desde luego el gobernador del estado Silvano Aureoles.<\/p>\n<p>UN BUEN GOBIERNO GENERA MUCHAS POSIBILIDADES<\/p>\n<p>De acuerdo a la ley de probabilidades un buen gobierno, ayuda hasta un 40 por ciento a los integrantes, del partido en el poder y proporcionalmente a la inversa, un mal gobierno lo afecta, as\u00ed\u00a0 si los integrantes del gabinete trabaja en forma coordinada, y ofrecen buenos resultados, los que tienen proyecto podr\u00edan cimentarlo, no solamente podr\u00edan competir\u00a0 sino ganar.<\/p>\n<p>En forma inversa si realizan mal gobierno, quienes aspiran a continuar su vida pol\u00edtica, tendr\u00e1n problemas porque el pueblo ya no es como antes, ahora ya tiene memoria y les dar\u00e1 la espala y buscar\u00e1 otras opciones, por eso las candidaturas independientes, se pens\u00f3 podr\u00edan ser la soluci\u00f3n al exceso de los partidos pol\u00edticos.<\/p>\n<p>DEBEN TRABAJAR BIEN, LO DEMAS VIENE POR A\u00d1ADIDURA<\/p>\n<p>Por eso es necesario que el gobernador Silvano Aureoles, con sus asesores, amigos leales\u00a0 y sus colaboradores tengan un retiro, para hablar con la verdad, y saber si los que han flojeado, los que se han quedado atr\u00e1s y los que se han perdido, pueden y si quieren esforzarse para caminar, \u00a0con el gobernador para que el esfuerzo y trabajo, de Silvano sea m\u00e1s fruct\u00edfero, respaldado y apoyado de otra manera se seguir\u00e1\u00a0 desgastando, y perdiendo el tiempo en peque\u00f1eces, cuando lo que debe hacer es gestionar en la capital de M\u00e9xico, los recurso extraordinarios, que son los que realmente hacen falta. Lo presupuestado llega normalmente.<\/p>\n<p>EL PORQU\u00c9 DE LA KERMES PREVIA A LA PRIMAVERA<\/p>\n<p>El arribo de la primavera hist\u00f3ricamente, a la gente le agrada, le gusta y la disfruta por eso desde el gobierno de don David Franco Rodr\u00edguez, a su esposa Mar\u00eda de Jes\u00fas Bautista se le ocurri\u00f3, realizarla por varios motivos primero, para que los presidentes municipales del estado y sus esposas se conocieran, en ese tiempo, la mayor\u00eda de los municipios estaban poco comunicados, muchos no ten\u00edan pavimentadas sus\u00a0 carreteras, y hab\u00eda poca\u00a0 energ\u00eda el\u00e9ctrica.<\/p>\n<p>Aparte como hab\u00eda creado el IMPI, Instituto Michoacano de Protecci\u00f3n a la Infancia, tambi\u00e9n hab\u00eda elevada mortalidad infantil y materna, fue la mejor manera de exponer ante los propios michoacanos, la riqueza cultural y\u00a0 gastron\u00f3mica, se aprovech\u00f3 la cercan\u00eda de la primavera para reunir en un solo lugar,\u00a0 lo que Michoac\u00e1n ofrec\u00eda y era desconocido por los michoacanos.<\/p>\n<p>DO\u00d1A EVA SAMANO DE LOPEZ MATEOS, SE INTERESO<\/p>\n<p>Seguramente aunque las noticias corr\u00edan con lentitud,\u00a0 la esposa del entonces presidente de M\u00e9xico, Adolfo L\u00f3pez Mateos se enter\u00f3 del programa en la entidad, y vino adem\u00e1s ella quer\u00eda a Michoac\u00e1n, hab\u00eda estudiado en Zit\u00e1cuaro y despu\u00e9s de conocer a fondo, lo que era el IMPI naci\u00f3 lo que hoy se conoce como DIF, o sea el sistema nacional para la protecci\u00f3n de la familia, cuyo germen fue el IMPI ideado y creado, por la administraci\u00f3n de don David Franco Rodr\u00edguez, y su esposa Mar\u00eda de Jes\u00fas Bautista.<\/p>\n<p>Ante esta situaci\u00f3n\u00a0 creemos que aunque, las condiciones del estado han cambiado, sigue siendo un factor parta la unidad de los alcaldes, de las presidentas de los DIF municipales, y de la presentaci\u00f3n de la gastronom\u00eda, de la cultura y de las costumbres de los michoacanos,\u00a0 porque en la kermes se presenta una exposici\u00f3n, de lo que es Michoac\u00e1n que hoy por haber cambiado de lugar, hubo algunos problemas fueron menores y desde luego\u00a0 f\u00e1ciles de subsanar, por lo que estamos seguros que esta\u00a0 kermes para el a\u00f1o entrante, estar\u00e1 mucho mejor adem\u00e1s aparte de ser punto de reuni\u00f3n, para las familias ayud\u00f3 con la econom\u00eda familiar, ya que vendieron frutas y verduras a precios muy bajos.<\/p>\n<p>SE AVANZA EN EL PACTO O ACUERDO POR MICHOACAN<\/p>\n<p>En la Secretar\u00eda de Gobierno Adri\u00e1n L\u00f3pez Sol\u00eds, trabaja en la elaboraci\u00f3n de lo que ser\u00e1 el Pacto o Acuerdo por Michoac\u00e1n, el cual el gobernador Silvano Aureoles, le ha puesto especial atenci\u00f3n recordamos, que desde antes de la venida del papa Francisco, el gobierno estatal reuni\u00f3 en la casa de Gobierno, a la mayor\u00eda de los sectores del estado, donde dio a conocer ese proyecto, m\u00e1s tarde en Ario de Rosales record\u00f3 que se trabajaba, en este\u00a0 acuerdo en el cual tendr\u00e1n participaci\u00f3n, todos quienes\u00a0 aman y quieren lo mejor para Michoac\u00e1n.\u00a0 Parte importante de este pacto deber\u00e1n ser, los medios de comunicaci\u00f3n en general.<\/p>\n<p>ESTE DIA REUNION DEL CONSEJO POLITICO DEL PRI<\/p>\n<p>En tiempo y forma este d\u00eda se habr\u00e1n de reunir, los integrantes del Consejo Pol\u00edtico del PRI para tomar importantes decisiones, destaca la convocatoria para elegir, a la pr\u00f3xima dirigencia estatal del PRI, hoy no solamente el PRI sino todos los partidos pol\u00edticos, tienen que ajustarse a sus estatutos y reglamentos, registrados previamente en el INE, as\u00ed entre otras cosas primero se habr\u00e1 de tomar la protesta, de los nuevos integrantes de este Consejo Pol\u00edtico, por cierto creado por Luis Donaldo Colosio.<\/p>\n<p>Este\u00a0 Consejo es\u00a0 m\u00e1ximo \u00f3rgano rector de la vida priista, quienes tomar\u00e1n protesta ser\u00e1n los nuevos alcaldes, los diputados locales y federales, y despu\u00e9s se empezar\u00e1n a tomar los acuerdos, que habr\u00e1n de definir la vida interna del PRI michoacano en los pr\u00f3ximos d\u00edas, todo esto ha sido coordinado por la actual dirigencia estatal, encabezada por V\u00edctor Silva Tejeda, as\u00ed todo el procedimiento garantiza respeto, a los derechos pol\u00edticos de todo los priistas. La reuni\u00f3n ser\u00e1 en la Ex Hacienda de don Agust\u00edn antes Expo Alameda a las 17 horas.<\/p>\n<p>SE CREO EL COMIT\u00c9 DE EMERGENCIA CLIMATICA<\/p>\n<p>Ante la situaci\u00f3n que se vive en por lo menos, veinte municipios michoacanos ayer mismo el gobernador del estado, cre\u00f3 el Comit\u00e9 de Emergencia, para enfrentar los efectos de la ola invernal n\u00famero once, que ha dejado severos da\u00f1os a casa, cultivos, escuelas, energ\u00eda el\u00e9ctrica, ante eso se crearon brigadas en varias dependencias, cuyos integrantes ya se enviaron a los municipios, donde la onda invernal caus\u00f3 mayores da\u00f1os, principalmente a los hogares m\u00e1s pobres, as\u00ed se elaborar\u00e1 un diagn\u00f3stico para proceder,\u00a0 a ayudarlos en lo m\u00e1s necesario.<\/p>\n<p>Acompa\u00f1aron al gobernador Silvano Aureoles, el Secretario de Gobierno Adri\u00e1n L\u00f3pez Sol\u00eds, as\u00ed participan en estas brigadas, el DIF estatal, la Sepsol, la Secretaria de Salud, Educaci\u00f3n y la Sedrua para as\u00ed evitar brotes de enfermedades propias de la estaci\u00f3n invernal, tambi\u00e9n se prepararon\u00a0 albergues para los caso que sean necesarios, porque las muchas personas se quedaron sin hogar, se busca crear una estrategia entre las autoridades municipales, y el gobierno del estado para poder darles pronta y oportuna ayuda, a las familias que padecieron esta onda g\u00e9lida con r\u00e1fagas de aire<\/p>\n<p>ATAQUES SIN FUNDAMENTO EN DIARIOS NACIONALES<\/p>\n<p>No es extra\u00f1o que principalmente los diarios nacionales, encuentren problemas donde no los hay, desde la capital del pa\u00eds la situaci\u00f3n se ve diferente, desde otra perspectiva, los comentaristas generalmente elaboran sus comentarios, tras una humeante y arom\u00e1tica taza de caf\u00e9, por ejemplo criticaron al gobernador Silvano, por haber iniciado la campa\u00f1a de la Cruz Roja, acompa\u00f1ado de una de sus hijas, creemos es lo l\u00f3gico tomando en cuenta que el gobernador michoacano, no se encuentra casado pero as\u00ed son las cosas, con algunos respetables\u00a0 comentaristas nacionales.<\/p>\n<p>PARA LA UNAM SI, PARA LA UMSNH NO<\/p>\n<p>Miguel Angel Villegas diputado panista, presidente de la Comisi\u00f3n de Hacienda y Cuenta P\u00fablica, justific\u00f3 muy bien la decisi\u00f3n de las comisiones unidas, para entregar a la UNAM un predio de 16 hect\u00e1reas, donde construir\u00e1 unidades educativas, por 400 millones mientras a la UMSNH dejaron para despu\u00e9s, la entrega del edificio\u00a0 donde est\u00e1 Turismo, promesa de Leonel Godoy que hoy resulta inviable, porque generar\u00eda m\u00e1s gasto al gobierno estatal y hoy, se encuentra en el periodo de las vacas facas.<\/p>\n","protected":false},"excerpt":{"rendered":"<p>\u2022\tEVALUACION A LOS SEIS MESES<br \/>\n\u2022\tEL PORQUE DE LA KERMES DIF<br \/>\n\u2022\tEL PACTO PARA LA PAZ ESTATAL<br \/>\n\u2022\tCONSEJO POLITICO DEL PRI HOY<\/p>\n","protected":false},"author":1,"featured_media":0,"comment_status":"open","ping_status":"open","sticky":false,"template":"","format":"standard","meta":{"footnotes":""},"categories":[4,14,10],"tags":[],"class_list":["post-22070","post","type-post","status-publish","format-standard","hentry","category-columnistas","category-destacadas","category-juan-manuel-belmonte"],"_links":{"self":[{"href":"https:\/\/radiowebmx.com\/nota\/wp-json\/wp\/v2\/posts\/22070","targetHints":{"allow":["GET"]}}],"collection":[{"href":"https:\/\/radiowebmx.com\/nota\/wp-json\/wp\/v2\/posts"}],"about":[{"href":"https:\/\/radiowebmx.com\/nota\/wp-json\/wp\/v2\/types\/post"}],"author":[{"embeddable":true,"href":"https:\/\/radiowebmx.com\/nota\/wp-json\/wp\/v2\/users\/1"}],"replies":[{"embeddable":true,"href":"https:\/\/radiowebmx.com\/nota\/wp-json\/wp\/v2\/comments?post=22070"}],"version-history":[{"count":1,"href":"https:\/\/radiowebmx.com\/nota\/wp-json\/wp\/v2\/posts\/22070\/revisions"}],"predecessor-version":[{"id":22071,"href":"https:\/\/radiowebmx.com\/nota\/wp-json\/wp\/v2\/posts\/22070\/revisions\/22071"}],"wp:attachment":[{"href":"https:\/\/radiowebmx.com\/nota\/wp-json\/wp\/v2\/media?parent=22070"}],"wp:term":[{"taxonomy":"category","embeddable":true,"href":"https:\/\/radiowebmx.com\/nota\/wp-json\/wp\/v2\/categories?post=22070"},{"taxonomy":"post_tag","embeddable":true,"href":"https:\/\/radiowebmx.com\/nota\/wp-json\/wp\/v2\/tags?post=22070"}],"curies":[{"name":"wp","href":"https:\/\/api.w.org\/{rel}","templated":true}]}}