{"id":22067,"date":"2016-03-11T12:10:10","date_gmt":"2016-03-11T18:10:10","guid":{"rendered":"https:\/\/radiowebmx.com\/nota\/?p=22067"},"modified":"2016-03-11T12:10:10","modified_gmt":"2016-03-11T18:10:10","slug":"gobierno-municipal-baliza-calles-y-avenidas-de-morelia","status":"publish","type":"post","link":"https:\/\/radiowebmx.com\/nota\/gobierno-municipal-baliza-calles-y-avenidas-de-morelia\/","title":{"rendered":"Gobierno Municipal baliza calles y avenidas de Morelia"},"content":{"rendered":"<p><a href=\"https:\/\/radiowebmx.com\/nota\/wp-content\/uploads\/2016\/03\/f7fbff7d-fc2f-412b-91eb-106913253878.jpg\"><img loading=\"lazy\" decoding=\"async\" class=\"alignleft size-full wp-image-22068\" src=\"https:\/\/radiowebmx.com\/nota\/wp-content\/uploads\/2016\/03\/f7fbff7d-fc2f-412b-91eb-106913253878.jpg\" alt=\"f7fbff7d-fc2f-412b-91eb-106913253878\" width=\"591\" height=\"292\" srcset=\"https:\/\/radiowebmx.com\/nota\/wp-content\/uploads\/2016\/03\/f7fbff7d-fc2f-412b-91eb-106913253878.jpg 591w, https:\/\/radiowebmx.com\/nota\/wp-content\/uploads\/2016\/03\/f7fbff7d-fc2f-412b-91eb-106913253878-300x148.jpg 300w\" sizes=\"auto, (max-width: 591px) 100vw, 591px\" \/><\/a>Con el objetivo de prevenir accidentes, problemas viales y mejorar la imagen de la ciudad de Morelia, el Ayuntamiento que encabeza el Presidente Municipal, Alfonso Mart\u00ednez\u00a0 Alc\u00e1zar a trav\u00e9s de la Secretar\u00eda de Servicios P\u00fablicos y de la Direcci\u00f3n de Imagen Urbana, lleva a cabo la renovaci\u00f3n del balizamiento en avenidas principales y calles de la capital.<\/p>\n<p>Lo anterior lo se\u00f1al\u00f3 el titular de la Secretar\u00eda de Servicios P\u00fablicos, Jos\u00e9 Luis Gil V\u00e1zquez, quien adem\u00e1s precis\u00f3 que los trabajos de balizamiento contin\u00faan en las avenidas Francisco I Madero Pte; Morelos Sur a la altura de Av. Camelinas; H\u00e9roes An\u00f3nimos; Enrique Ram\u00edrez; Solidaridad y Av. Camelinas.<\/p>\n<p>Detall\u00f3 que aunado a ello se realizan trabajos como repintar los cruces peatonales, las l\u00edneas continuas y bordes de banquetas en zonas como el Fraccionamiento Villas de la Loma; \u00e9l Asta Bandera; R\u00edo Chiquito; Boulevard Garc\u00eda de Le\u00f3n, Calzada Ju\u00e1rez as\u00ed como en la Central de Abastos se le est\u00e1 dando mantenimiento.<\/p>\n<p>&#8220;Se trata de que los automovilistas, choferes y peatones, tengan m\u00e1s visibilidad de los carriles de circulaci\u00f3n, las zonas de cruces peatonales, \u00e1reas de estacionamiento y restrictivas&#8221;, especific\u00f3.<\/p>\n<p>El encargado de esta \u00e1rea municipal aclar\u00f3 que el principal objetivo es resguardar la seguridad de los peatones y vigilar que los conductores de veh\u00edculos de motor respeten los se\u00f1alamientos viales y los l\u00edmites de velocidad que son permitidos.<\/p>\n<p>Los trabajos de balizamiento en las distintas calles y avenidas continuar\u00e1n con la finalidad de prevenir accidentes, organizar mejor el tr\u00e1nsito vehicular y brindar una mejor imagen ante los morelianos y el turismo.<\/p>\n","protected":false},"excerpt":{"rendered":"<p>Con el objetivo de prevenir accidentes, problemas viales y mejorar la imagen de la ciudad de Morelia, el Ayuntamiento que encabeza el Presidente Municipal, AMA a trav\u00e9s de la Secretar\u00eda de Servicios P\u00fablicos y de la Direcci\u00f3n de Imagen Urbana, <\/p>\n","protected":false},"author":1,"featured_media":22068,"comment_status":"open","ping_status":"open","sticky":false,"template":"","format":"standard","meta":{"footnotes":""},"categories":[14,9],"tags":[],"class_list":["post-22067","post","type-post","status-publish","format-standard","has-post-thumbnail","hentry","category-destacadas","category-morelia"],"_links":{"self":[{"href":"https:\/\/radiowebmx.com\/nota\/wp-json\/wp\/v2\/posts\/22067","targetHints":{"allow":["GET"]}}],"collection":[{"href":"https:\/\/radiowebmx.com\/nota\/wp-json\/wp\/v2\/posts"}],"about":[{"href":"https:\/\/radiowebmx.com\/nota\/wp-json\/wp\/v2\/types\/post"}],"author":[{"embeddable":true,"href":"https:\/\/radiowebmx.com\/nota\/wp-json\/wp\/v2\/users\/1"}],"replies":[{"embeddable":true,"href":"https:\/\/radiowebmx.com\/nota\/wp-json\/wp\/v2\/comments?post=22067"}],"version-history":[{"count":1,"href":"https:\/\/radiowebmx.com\/nota\/wp-json\/wp\/v2\/posts\/22067\/revisions"}],"predecessor-version":[{"id":22069,"href":"https:\/\/radiowebmx.com\/nota\/wp-json\/wp\/v2\/posts\/22067\/revisions\/22069"}],"wp:featuredmedia":[{"embeddable":true,"href":"https:\/\/radiowebmx.com\/nota\/wp-json\/wp\/v2\/media\/22068"}],"wp:attachment":[{"href":"https:\/\/radiowebmx.com\/nota\/wp-json\/wp\/v2\/media?parent=22067"}],"wp:term":[{"taxonomy":"category","embeddable":true,"href":"https:\/\/radiowebmx.com\/nota\/wp-json\/wp\/v2\/categories?post=22067"},{"taxonomy":"post_tag","embeddable":true,"href":"https:\/\/radiowebmx.com\/nota\/wp-json\/wp\/v2\/tags?post=22067"}],"curies":[{"name":"wp","href":"https:\/\/api.w.org\/{rel}","templated":true}]}}