{"id":22064,"date":"2016-03-11T12:07:09","date_gmt":"2016-03-11T18:07:09","guid":{"rendered":"https:\/\/radiowebmx.com\/nota\/?p=22064"},"modified":"2016-03-11T12:07:09","modified_gmt":"2016-03-11T18:07:09","slug":"inicia-una-nueva-etapa-para-la-costa-michoacana-silvano-aureoles","status":"publish","type":"post","link":"https:\/\/radiowebmx.com\/nota\/inicia-una-nueva-etapa-para-la-costa-michoacana-silvano-aureoles\/","title":{"rendered":"Inicia una nueva etapa para la Costa michoacana: Silvano Aureoles"},"content":{"rendered":"<p><a href=\"https:\/\/radiowebmx.com\/nota\/wp-content\/uploads\/2016\/03\/641de12a-83d6-42e2-a260-25a9dca21229.jpg\"><img loading=\"lazy\" decoding=\"async\" class=\"alignleft size-full wp-image-22065\" src=\"https:\/\/radiowebmx.com\/nota\/wp-content\/uploads\/2016\/03\/641de12a-83d6-42e2-a260-25a9dca21229.jpg\" alt=\"641de12a-83d6-42e2-a260-25a9dca21229\" width=\"591\" height=\"305\" srcset=\"https:\/\/radiowebmx.com\/nota\/wp-content\/uploads\/2016\/03\/641de12a-83d6-42e2-a260-25a9dca21229.jpg 591w, https:\/\/radiowebmx.com\/nota\/wp-content\/uploads\/2016\/03\/641de12a-83d6-42e2-a260-25a9dca21229-300x155.jpg 300w\" sizes=\"auto, (max-width: 591px) 100vw, 591px\" \/><\/a>El Plan Integral de Seguridad para Michoac\u00e1n es muy completo, para fortalecer el rubro en todos los puntos, desde todos los frentes y \u00e1mbitos de la vida social y econ\u00f3mica, siempre cuidando y respetando los derechos humanos de la poblaci\u00f3n, afirm\u00f3 el Gobernador del Estado, Silvano Aureoles Conejo, al presidir la firma del Mando \u00danico Policial con el municipio de Aquila.<\/p>\n<p>Con la presencia de los integrantes del Grupo de Coordinaci\u00f3n Michoac\u00e1n y de alcaldes de la regi\u00f3n Sierra-Costa, el titular del Ejecutivo local, asegur\u00f3 que tales acciones enmarcan el inicio de una nueva etapa en beneficio de la poblaci\u00f3n de esta regi\u00f3n y reconoci\u00f3 la disposici\u00f3n de las y los mun\u00edcipes michoacanos que han determinado signar el Mando \u00danico.<\/p>\n<p>Se\u00f1al\u00f3 que no puede haber desarrollo y progreso, si no hay seguridad p\u00fablica, seguridad jur\u00eddica y Estado de Derecho.<\/p>\n<p>Aureoles Conejo sostuvo que en gran medida los problemas que han enfrentado las diversas regiones de la entidad, son resultado de una falta de coordinaci\u00f3n efectiva entre las autoridades de los tres \u00f3rdenes de gobierno, situaci\u00f3n que ha quedado atr\u00e1s, porque hoy existe una plena comunicaci\u00f3n, enfatiz\u00f3.<\/p>\n<p>El mandatario record\u00f3 que a 40 d\u00edas de haber asumido el cargo, firm\u00f3 el Mando \u00danico con 108 municipios, teniendo como testigo al secretario de Gobernaci\u00f3n, Miguel \u00c1ngel Osorio Chong, con lo cual, se dio el primer paso para la conformaci\u00f3n de un nuevo cuerpo de seguridad que se haga cargo de atender las demandas ciudadanas en la materia.<\/p>\n<p>Con el Mando \u00danico, asegur\u00f3, no se violenta la soberan\u00eda de los municipios, ni se les quitan facultades establecidas en la Constituci\u00f3n, sino representa la suma de esfuerzos para poder fortalecer una instituci\u00f3n de procuraci\u00f3n de justicia y seguridad p\u00fablica, que sea confiable para las y los ciudadanos.<\/p>\n<p>El mandatario record\u00f3 la etapa de las autodefensas, a quienes reconoci\u00f3 su labor para proteger a su comunidad, pero coment\u00f3 que \u00e9sta ya concluy\u00f3, al referir que es una tarea exclusiva del Gobierno garantizar la seguridad a la poblaci\u00f3n.<\/p>\n<p>Afirm\u00f3 que derivado del trabajo coordinado, hoy Michoac\u00e1n es el octavo estado m\u00e1s seguro del pa\u00eds, de acuerdo a datos de la Comisi\u00f3n Nacional de Seguridad.<\/p>\n<p>Y abund\u00f3 que se fortalecer\u00e1 el trabajo en la materia, por lo que se construir\u00e1n diez Centros de Inteligencia, 120 arcos de vigilancia, adem\u00e1s de que se\u00a0 instalar\u00e1n 6 mil c\u00e1maras de videovigilancia y se entregar\u00e1 un lote superior a 400 patrullas.<\/p>\n<p>Aureoles Conejo asever\u00f3 que los problemas de inseguridad no s\u00f3lo tienen que ver con acciones de car\u00e1cter policial, se requiere\u00a0 de una pol\u00edtica integral\u00a0 social y econ\u00f3mica, por ello coment\u00f3 que adem\u00e1s de la firma del Mando \u00danico, se desplegar\u00e1n acciones en la regi\u00f3n Sierra-Costa, y ejemplo de ello, es la colocaci\u00f3n de la primera piedra de la unidad acad\u00e9mica Costa-N\u00e1huatl de la Universidad Intercultural Ind\u00edgena, en el municipio de Aquila, que realiz\u00f3 hoy, y que tendr\u00e1 una inversi\u00f3n de poco m\u00e1s de 5.5 millones de pesos.<\/p>\n<p>Ah\u00ed, el mandatario subray\u00f3 su importancia por lo que significa el tema educativo para las comunidades, ya que con ello se generan oportunidades para las y los j\u00f3venes de esta zona de la entidad.<\/p>\n<p>Aureoles Conejo asegur\u00f3 que Aquila cuenta con su respaldo, por lo que comparti\u00f3 una serie de acciones que se pondr\u00e1n en marcha, entre ellas la instalaci\u00f3n del Nodo de Educaci\u00f3n de la Universidad Michoacana de San Nicol\u00e1s de Hidalgo (UMSNH), la modernizaci\u00f3n y construcci\u00f3n de aulas y equipamiento para el CECyTEM, adem\u00e1s adelant\u00f3 que en este municipio iniciar\u00e1 el Programa de Atenci\u00f3n Integral a las Escuelas, para la reconstrucci\u00f3n y remodelaci\u00f3n de instituciones educativas.<\/p>\n<p>Adem\u00e1s del inicio del programa de becas para j\u00f3venes y el programa de transporte gratuito para estudiantes de preescolar y secundaria en comunidades alejadas.<\/p>\n<p>Aunado a ello, se comprometi\u00f3 a la construcci\u00f3n del camino Pomaro-Coire, y coment\u00f3 que se tiene previsto el gran proyecto carretero que conecte Morelia con la Costa michoacana.<\/p>\n<p>En materia de salud, coment\u00f3 que se iniciar\u00e1 con los estudios de viabilidad para la construcci\u00f3n de un Hospital Regional para esta zona.<\/p>\n<p>En su turno, el mando Especial para la Seguridad de Michoac\u00e1n, general Pedro Felipe Gurrola Ram\u00edrez, sostuvo que la firma del Mando \u00danico en Aquila representa la culminaci\u00f3n de un esfuerzo de coordinaci\u00f3n\u00a0 entre las autoridades estatales y federales para mejorar las condiciones de seguridad de esta regi\u00f3n, que enfrent\u00f3 momentos dif\u00edciles.<\/p>\n<p>Afirm\u00f3 que hoy, esta zona tiene otro escenario, la seguridad apunt\u00f3 que, es una condici\u00f3n indispensable para el desarrollo y la firma del Mando es necesaria para que se contin\u00fae avanzando en ese sentido.<\/p>\n<p>Gurrola Ram\u00edrez, reiter\u00f3 el apoyo decidido de las instancias federales en materia de seguridad tanto para Aquila como para todo el territorio michoacano.<\/p>\n<p>El secretario de Gobierno, Adri\u00e1n L\u00f3pez Sol\u00eds, agradeci\u00f3 el acompa\u00f1amiento del Grupo de Coordinaci\u00f3n, en la tarea de recuperar la paz y la tranquilidad en la entidad.<\/p>\n<p>Con Aquila, se\u00f1al\u00f3 que se est\u00e1 cerrando el proceso de Mando \u00danico en la regi\u00f3n, lo que significa poner al servicio de la sociedad toda la experiencia, el conocimiento y la voluntad para atender a la poblaci\u00f3n que demanda m\u00e1s y mejor seguridad.<\/p>\n<p>En su participaci\u00f3n, el alcalde de Aquila, Jos\u00e9 Luis Arteaga Olivares, indic\u00f3 que la firma de este acuerdo marcar\u00e1 la historia de su municipio, tras agradecer el apoyo del Gobernador y de las autoridades hizo una serie de peticiones en materia de salud, realiz\u00f3 diversas solicitudes en materia de educaci\u00f3n, vialidades y salud, que tuvieron en su mayor\u00eda una respuesta positiva por parte\u00a0 de Silvano Aureoles.<\/p>\n<p>Durante las diversas actividades, tambi\u00e9n estuvieron presentes, el general Jos\u00e9 Francisco Morales C\u00e1zares, comandante de la XXI Zona Militar; Luis Ram\u00f3n Bravo, comandante de la X Zona Naval;\u00a0 el secretario de Seguridad P\u00fablica, Antonio Bernal Bustamante; el procurador General de Justicia del Estado, Jos\u00e9 Mart\u00edn Godoy Castro; la delegada de la Procuradur\u00eda General de la Rep\u00fablica en la entidad, Bertha Paredes Gardu\u00f1o; el comisario Israel Galv\u00e1n Jaime; coordinador estatal de la Polic\u00eda Federal; Ren\u00e9 Rodr\u00edguez Oviedo, delegado del CISEN en Michoac\u00e1n.<\/p>\n<p>As\u00ed como el diputado, Francisco Campos Ruiz; el secretario de Pueblos Ind\u00edgenas, \u00c1ngel Molina Alonso; los alcaldes de Coahuayana, Chinicuila, Coalcom\u00e1n, Tepalcatepec y Buenavista, por mencionar algunos.<\/p>\n","protected":false},"excerpt":{"rendered":"<p>Coloca la primera piedra de la unidad acad\u00e9mica Costa-N\u00e1huatl de la Universidad Intercultural Ind\u00edgena, que tendr\u00e1 una inversi\u00f3n inicial de poco m\u00e1s de 5.5 millones de pesos.<\/p>\n","protected":false},"author":1,"featured_media":22065,"comment_status":"open","ping_status":"open","sticky":false,"template":"","format":"standard","meta":{"footnotes":""},"categories":[14,3],"tags":[],"class_list":["post-22064","post","type-post","status-publish","format-standard","has-post-thumbnail","hentry","category-destacadas","category-gobierno-del-estado-de-michoacan"],"_links":{"self":[{"href":"https:\/\/radiowebmx.com\/nota\/wp-json\/wp\/v2\/posts\/22064","targetHints":{"allow":["GET"]}}],"collection":[{"href":"https:\/\/radiowebmx.com\/nota\/wp-json\/wp\/v2\/posts"}],"about":[{"href":"https:\/\/radiowebmx.com\/nota\/wp-json\/wp\/v2\/types\/post"}],"author":[{"embeddable":true,"href":"https:\/\/radiowebmx.com\/nota\/wp-json\/wp\/v2\/users\/1"}],"replies":[{"embeddable":true,"href":"https:\/\/radiowebmx.com\/nota\/wp-json\/wp\/v2\/comments?post=22064"}],"version-history":[{"count":1,"href":"https:\/\/radiowebmx.com\/nota\/wp-json\/wp\/v2\/posts\/22064\/revisions"}],"predecessor-version":[{"id":22066,"href":"https:\/\/radiowebmx.com\/nota\/wp-json\/wp\/v2\/posts\/22064\/revisions\/22066"}],"wp:featuredmedia":[{"embeddable":true,"href":"https:\/\/radiowebmx.com\/nota\/wp-json\/wp\/v2\/media\/22065"}],"wp:attachment":[{"href":"https:\/\/radiowebmx.com\/nota\/wp-json\/wp\/v2\/media?parent=22064"}],"wp:term":[{"taxonomy":"category","embeddable":true,"href":"https:\/\/radiowebmx.com\/nota\/wp-json\/wp\/v2\/categories?post=22064"},{"taxonomy":"post_tag","embeddable":true,"href":"https:\/\/radiowebmx.com\/nota\/wp-json\/wp\/v2\/tags?post=22064"}],"curies":[{"name":"wp","href":"https:\/\/api.w.org\/{rel}","templated":true}]}}